{"id":371216,"date":"2025-09-06T18:29:15","date_gmt":"2025-09-06T18:29:15","guid":{"rendered":"https:\/\/www.europesays.com\/fr\/371216\/"},"modified":"2025-09-06T18:29:15","modified_gmt":"2025-09-06T18:29:15","slug":"us-open-le-seul-tournoi-que-djokovic-est-certain-de-jouer-dici-la-fin-de-la-saison","status":"publish","type":"post","link":"https:\/\/www.europesays.com\/fr\/371216\/","title":{"rendered":"US Open > Le seul tournoi que Djokovic est certain de jouer d\u2019ici la fin de la saison"},"content":{"rendered":"<p>Dans des propos rapport\u00e9s par <a href=\"https:\/\/www.lequipe.fr\/Tennis\/Actualites\/-j-ai-de-meilleures-chances-au-meilleur-des-trois-sets-reconnait-novak-djokovic-apres-son-elimination-a-l-us-open\/1590942\" data-wpel-link=\"external\" target=\"_blank\" rel=\"nofollow external noopener\">L\u2019Equipe<\/a> apr\u00e8s sa d\u00e9faite en trois sets contre Carlos Alcaraz en demi\u2010finales de l\u2019US Open, Novak Djokovic est rest\u00e9 \u00e9vasif quant \u00e0 sa program\u00adma\u00adtion d\u2019ici l\u2019Open d\u2019Australie, pr\u00e9vu en janvier 2026.<\/p>\n<p><strong>\u00ab\u202fOh, c\u2019est loin, l\u2019Australie, c\u2019est loin\u00a0(sourire).\u00a0\u00c0 ce stade de ma carri\u00e8re, je ne pense pas aussi loin pour \u00eatre honn\u00eate. J\u2019ai pr\u00e9vu de jouer le tournoi d\u2019Ath\u00e8nes\u00a0(ATP 250 du 2 au 8\u00a0novembre, <a href=\"https:\/\/www.welovetennis.fr\/us-open\/apostolos-tsitsipas-merci-a-novak-djokovic-cette-collaboration-va-etre-super-interessante-et-positive\" data-wpel-link=\"internal\" rel=\"nofollow noopener\" target=\"_blank\">auquel il est li\u00e9, ndlr<\/a>), \u00e7a, c\u2019est s\u00fbr, mais \u00e0 part \u00e7a, c\u2019est toujours un point d\u2019interrogation.\u202f\u00bb<\/strong><\/p>\n<p>A noter qu\u2019il retour\u00adnera \u00e9gale\u00adment en Arabie Saoudite en octobre <a href=\"https:\/\/www.welovetennis.fr\/atp\/le-6-kings-slam-annonce-ses-6-stars-nadal-medvedev-et-rune-remplaces\" data-wpel-link=\"internal\" rel=\"nofollow noopener\" target=\"_blank\">afin de parti\u00adciper \u00e0 l\u2019ex\u00adhi\u00adbi\u00adtion \u00ab\u202f6 Kings Slam\u202f\u00bb<\/a>.<\/p>\n<p class=\"post-published-date\" style=\"color: silver; font-size: 75%; text-align: left;\">Publi\u00e9 le samedi 6 septembre 2025 \u00e0 16:28<\/p>\n","protected":false},"excerpt":{"rendered":"Dans des propos rapport\u00e9s par L\u2019Equipe apr\u00e8s sa d\u00e9faite en trois sets contre Carlos Alcaraz en demi\u2010finales de&hellip;\n","protected":false},"author":2,"featured_media":371217,"comment_status":"","ping_status":"","sticky":false,"template":"","format":"standard","meta":{"footnotes":""},"categories":[1415],"tags":[1744,105,1011,27,60,1467],"class_list":{"0":"post-371216","1":"post","2":"type-post","3":"status-publish","4":"format-standard","5":"has-post-thumbnail","7":"category-tennis","8":"tag-alcaraz","9":"tag-djokovic","10":"tag-fr","11":"tag-france","12":"tag-sports","13":"tag-tennis"},"share_on_mastodon":{"url":"https:\/\/pubeurope.com\/@fr\/115158775402746937","error":""},"_links":{"self":[{"href":"https:\/\/www.europesays.com\/fr\/wp-json\/wp\/v2\/posts\/371216","targetHints":{"allow":["GET"]}}],"collection":[{"href":"https:\/\/www.europesays.com\/fr\/wp-json\/wp\/v2\/posts"}],"about":[{"href":"https:\/\/www.europesays.com\/fr\/wp-json\/wp\/v2\/types\/post"}],"author":[{"embeddable":true,"href":"https:\/\/www.europesays.com\/fr\/wp-json\/wp\/v2\/users\/2"}],"replies":[{"embeddable":true,"href":"https:\/\/www.europesays.com\/fr\/wp-json\/wp\/v2\/comments?post=371216"}],"version-history":[{"count":0,"href":"https:\/\/www.europesays.com\/fr\/wp-json\/wp\/v2\/posts\/371216\/revisions"}],"wp:featuredmedia":[{"embeddable":true,"href":"https:\/\/www.europesays.com\/fr\/wp-json\/wp\/v2\/media\/371217"}],"wp:attachment":[{"href":"https:\/\/www.europesays.com\/fr\/wp-json\/wp\/v2\/media?parent=371216"}],"wp:term":[{"taxonomy":"category","embeddable":true,"href":"https:\/\/www.europesays.com\/fr\/wp-json\/wp\/v2\/categories?post=371216"},{"taxonomy":"post_tag","embeddable":true,"href":"https:\/\/www.europesays.com\/fr\/wp-json\/wp\/v2\/tags?post=371216"}],"curies":[{"name":"wp","href":"https:\/\/api.w.org\/{rel}","templated":true}]}}