{"id":371218,"date":"2025-09-06T18:31:15","date_gmt":"2025-09-06T18:31:15","guid":{"rendered":"https:\/\/www.europesays.com\/fr\/371218\/"},"modified":"2025-09-06T18:31:15","modified_gmt":"2025-09-06T18:31:15","slug":"motogp-catalogne-j2-maverick-vinales-ktm-q22-s17-ma-tete-veut-attaquer-mais-mon-corps-me-limite","status":"publish","type":"post","link":"https:\/\/www.europesays.com\/fr\/371218\/","title":{"rendered":"MotoGP Catalogne J2, Maverick Vi\u00f1ales (KTM\/Q22-S17) : \u00ab Ma t\u00eate veut attaquer, mais mon corps me limite \u00bb"},"content":{"rendered":"<p class=\"my-2 [&amp;+p]:mt-4 [&amp;_strong:has(+br)]:inline-block [&amp;_strong:has(+br)]:pb-2\">\n<strong>Pour son retour \u00e0 la comp\u00e9tition \u00e0 domicile, Maverick<br \/>\nVi\u00f1ales a retrouv\u00e9 le plaisir de la course sur le Circuit de<br \/>\nBarcelone-Catalogne. De retour en MotoGP deux mois apr\u00e8s sa lourde<br \/>\nchute au Sachsenring ayant laiss\u00e9 son \u00e9paule endommag\u00e9e et mis fin<br \/>\npr\u00e9matur\u00e9ment \u00e0 sa tentative de retour en Autriche, l\u2019Espagnol a<br \/>\nmontr\u00e9 sa d\u00e9termination malgr\u00e9 des moyens physiques<br \/>\ndiminu\u00e9s.<\/strong><\/p>\n<p class=\"my-2 [&amp;+p]:mt-4 [&amp;_strong:has(+br)]:inline-block [&amp;_strong:has(+br)]:pb-2\">\nMalgr\u00e9 une qualification difficile (22e sur la grille samedi),<br \/>\nVi\u00f1ales a pu rallier l\u2019arriv\u00e9e de sa premi\u00e8re course Sprint depuis<br \/>\nle mois de juin. Via le communiqu\u00e9 publi\u00e9 par son \u00e9quipe, il<br \/>\nexplique \u00ab\u202fLa journ\u00e9e a \u00e9t\u00e9 vraiment positive\u202f! \u00c9videmment, ma<br \/>\nt\u00eate veut attaquer \u00e0 la limite, mais mon corps ne me le permet pas<br \/>\npour l\u2019instant. Les sensations sur la moto \u00e9taient bonnes, et hier<br \/>\nencore nous n\u2019\u00e9tions pas s\u00fbrs de pouvoir tenir la Sprint, mais nous<br \/>\ny sommes parvenus aujourd\u2019hui, ce qui constitue une \u00e9tape<br \/>\nimportante pour nous. Il faut assimiler cela et se projeter sur<br \/>\ndemain. \u00bb<\/p>\n<p class=\"my-2 [&amp;+p]:mt-4 [&amp;_strong:has(+br)]:inline-block [&amp;_strong:has(+br)]:pb-2\">\nSur la grille, le pilote Red Bull KTM Tech3 savait la mission<br \/>\naudacieuse. Apr\u00e8s un d\u00e9part prudent, il a r\u00e9ussi \u00e0 progresser dans<br \/>\nle peloton, terminant finalement 17e au terme des 12 tours, en<br \/>\nd\u00e9pit de douleurs persistantes \u00e0 l\u2019\u00e9paule gauche. Cette performance<br \/>\na confirm\u00e9 que le plus important, cette semaine, restait pour lui<br \/>\nde reprendre confiance sur la moto et de retrouver son rythme,<br \/>\ndavantage que de viser un r\u00e9sultat pur.<\/p>\n<p class=\"my-2 [&amp;+p]:mt-4 [&amp;_strong:has(+br)]:inline-block [&amp;_strong:has(+br)]:pb-2\">\nCe retour sur ses terres a aussi \u00e9t\u00e9 l\u2019occasion de mesurer l\u2019\u00e9cart<br \/>\n\u00e0 combler. La suite du week-end demandera encore du courage au<br \/>\npilote catalan, qui n\u2019imagine pas de miracle, mais entend<br \/>\npoursuivre son travail de reconstruction : \u00ab Il me manque<br \/>\nencore de la force, donc la course principale sera difficile, mais<br \/>\nil faut passer par l\u00e0 pour progresser.\u202f\u00bb<\/p>\n<p><a href=\"https:\/\/www.paddock-gp.com\/wp-content\/uploads\/2025\/09\/Vinales_2_Catalunya-scaled.jpg\" target=\"_blank\" rel=\"noopener\"><br \/>\n<img loading=\"lazy\" decoding=\"async\" aria-describedby=\"caption-attachment-1326760\" class=\"wp-image-1326760 size-large\" src=\"https:\/\/www.europesays.com\/fr\/wp-content\/uploads\/2025\/09\/Vinales_2_Catalunya-600x338.jpg\" alt=\"\" width=\"600\" height=\"338\"  \/><\/a><\/p>\n<p id=\"caption-attachment-1326760\" class=\"wp-caption-text\">Maverick<br \/>\nVi\u00f1ales lors du Sprint du GP de Catalogne de MotoGP \u00a9 <a href=\"https:\/\/newsletter.tech3racing.fr\/images\/image\/2025\/15_CataloniaGP\/Vinales_2_Catalunya_1.jpg\" target=\"_blank\" rel=\"noopener\"><br \/>\nRed Bull Tech3 KTM<\/a><\/p>\n","protected":false},"excerpt":{"rendered":"Pour son retour \u00e0 la comp\u00e9tition \u00e0 domicile, Maverick Vi\u00f1ales a retrouv\u00e9 le plaisir de la course sur&hellip;\n","protected":false},"author":2,"featured_media":371219,"comment_status":"","ping_status":"","sticky":false,"template":"","format":"standard","meta":{"footnotes":""},"categories":[1413],"tags":[1011,27,1457,1456,60],"class_list":{"0":"post-371218","1":"post","2":"type-post","3":"status-publish","4":"format-standard","5":"has-post-thumbnail","7":"category-moto","8":"tag-fr","9":"tag-france","10":"tag-moto","11":"tag-motocycle","12":"tag-sports"},"share_on_mastodon":{"url":"https:\/\/pubeurope.com\/@fr\/115158783513234931","error":""},"_links":{"self":[{"href":"https:\/\/www.europesays.com\/fr\/wp-json\/wp\/v2\/posts\/371218","targetHints":{"allow":["GET"]}}],"collection":[{"href":"https:\/\/www.europesays.com\/fr\/wp-json\/wp\/v2\/posts"}],"about":[{"href":"https:\/\/www.europesays.com\/fr\/wp-json\/wp\/v2\/types\/post"}],"author":[{"embeddable":true,"href":"https:\/\/www.europesays.com\/fr\/wp-json\/wp\/v2\/users\/2"}],"replies":[{"embeddable":true,"href":"https:\/\/www.europesays.com\/fr\/wp-json\/wp\/v2\/comments?post=371218"}],"version-history":[{"count":0,"href":"https:\/\/www.europesays.com\/fr\/wp-json\/wp\/v2\/posts\/371218\/revisions"}],"wp:featuredmedia":[{"embeddable":true,"href":"https:\/\/www.europesays.com\/fr\/wp-json\/wp\/v2\/media\/371219"}],"wp:attachment":[{"href":"https:\/\/www.europesays.com\/fr\/wp-json\/wp\/v2\/media?parent=371218"}],"wp:term":[{"taxonomy":"category","embeddable":true,"href":"https:\/\/www.europesays.com\/fr\/wp-json\/wp\/v2\/categories?post=371218"},{"taxonomy":"post_tag","embeddable":true,"href":"https:\/\/www.europesays.com\/fr\/wp-json\/wp\/v2\/tags?post=371218"}],"curies":[{"name":"wp","href":"https:\/\/api.w.org\/{rel}","templated":true}]}}