{"id":37122,"date":"2025-04-19T18:40:09","date_gmt":"2025-04-19T18:40:09","guid":{"rendered":"https:\/\/www.europesays.com\/fr\/37122\/"},"modified":"2025-04-19T18:40:09","modified_gmt":"2025-04-19T18:40:09","slug":"pierre-palmade-et-maintenant-ses-voisins-ouvrent-les-vannes","status":"publish","type":"post","link":"https:\/\/www.europesays.com\/fr\/37122\/","title":{"rendered":"Pierre Palmade : et maintenant, ses voisins ouvrent les vannes"},"content":{"rendered":"<p>Pierre Palmade est sorti ce 16 avril 2025, apr\u00e8s 5 mois de prison. Et, <a href=\"https:\/\/www.public.fr\/pierre-palmade-nouveau-triste-record-bertrand-chameroy-sen-mele\" target=\"_blank\" rel=\"noopener\">n&rsquo;en d\u00e9plaise \u00e0 Bertrand Chameroy<\/a>, les m\u00e9dias continuent de s&rsquo;int\u00e9resser \u00e0 l&rsquo;humoriste, alors qu&rsquo;il a regagn\u00e9 son domicile de Bordeaux. <\/p>\n<p>C&rsquo;est ainsi que nos confr\u00e8res de RTL sont all\u00e9s \u00e0 la rencontre de ses voisins. Et ils leur ont demand\u00e9 quel \u00e9tait leur \u00e9tat d&rsquo;esprit apr\u00e8s cet \u00e9v\u00e8nement. Mais aussi <strong>comment se passait la vie de quartier, depuis le d\u00e9but de l&rsquo;affaire Palmade. <\/strong><\/p>\n<p>Pour rappel, l&rsquo;ancien meilleur ami de Muriel Robin a \u00e9cop\u00e9 de <a href=\"https:\/\/www.public.fr\/cest-pas-cher-paye-pierre-palmade-libere-de-prison-au-bout-de-5-mois-gauthier-le-bret-explose-chez-cyril-hanouna\" target=\"_blank\" rel=\"noopener\">5 ans de prison dont deux fermes<\/a>, en novembre 2024, pour l&rsquo;accident de voiture qu&rsquo;il a provoqu\u00e9, en f\u00e9vrier 2023. <\/p>\n<p>Les voisins de Pierre Palmade t\u00e9moignent<\/p>\n<p>Et pour Chantal, une habitante de son quartier : <strong>\u00ab\u00a0La justice n&rsquo;est pas la m\u00eame pour tout le monde\u00a0\u00bb.<\/strong> Cette derni\u00e8re estime en effet : \u00ab\u00a0Il est condamn\u00e9 \u00e0 tant d&rsquo;ann\u00e9es de prison et il ressort au bout de quelques mois\u00a0\u00bb.<\/p>\n<p>Elle ajoute toutefois : \u00ab\u00a0La vie sera meilleure chez lui, tant mieux, c&rsquo;est s\u00fbr. Je n&rsquo;ai rien contre lui sp\u00e9cialement. \u00c7a fait plusieurs fois que je le rencontre dans la rue\u00a0\u00bb. Elle d\u00e9crit un homme \u00ab\u00a0<a href=\"https:\/\/www.public.fr\/pierre-palmade-libere-et-muet-a-sa-sortie-de-prison-la-raison-de-son-mutisme-devoilee\" target=\"_blank\" rel=\"noopener\">Tr\u00e8s discret<\/a>, tr\u00e8s g\u00ean\u00e9, on le sent <a href=\"https:\/\/vsd.fr\/78747-pierre-palmade-plus-terrifie-que-jamais-son-entourage-brise-le-silence\/\" target=\"_blank\" rel=\"noopener\">tr\u00e8s tr\u00e8s mal \u00e0 l&rsquo;aise<\/a>\u00ab\u00a0. <\/p>\n<p>Pour preuve, elle d\u00e9clare : \u00ab\u00a0Parce que moi <strong>j&rsquo;ai essay\u00e9 de lui dire bonjour. Il est \u00e9tonn\u00e9 quand on lui dit bonjour, il est surpris\u00a0\u00bb.<\/strong><\/p>\n<p>De son c\u00f4t\u00e9, \u00c9ric a d\u00e9clar\u00e9 : \u00ab\u00a0Moi, \u00e7a ne me g\u00eane pas qu&rsquo;il soit sorti\u00a0\u00bb. Convaincu que tout le monde a droit \u00e0 une deuxi\u00e8me chance, il fait \u00ab\u00a0confiance aux juges qui lui ont octroy\u00e9 sans doute avec un bracelet \u00e9lectronique la possibilit\u00e9 de sortir, de <strong>se soigner et de se r\u00e9ins\u00e9rer peut-\u00eatre<\/strong>\u00ab\u00a0. <\/p>\n<p>Concernant Pierre Palmade, qui habite \u00e0 deux pas de chez lui, il assure : \u00ab\u00a0je ne <strong>pense pas que ce soit quelqu&rsquo;un de si dangereux <\/strong>que \u00e7a pour faire en sorte que dans le quartier, nous ayons une probl\u00e9matique particuli\u00e8re\u00a0\u00bb.<\/p>\n<p>Pour rappel, Pierre Palmade a obtenu de la justice de pouvoir purger sa peine hors des murs de la prison de Bordeaux-Gradignan. Et ce, pour mieux se soigner, notamment. <\/p>\n<p>Son emploi du temps pendant la fin de sa peine<\/p>\n<p>Il a ainsi le droit de quitter son domicile les lundi, mardi et jeudi, avec des horaires am\u00e9nag\u00e9s, pour pouvoir se rendre \u00e0 ses rendez-vous m\u00e9dicaux. Le lundi, entre 9 heures et 13 heures, le mercredi entre neuf heures et 16 heures, le vendredi entre 9 heures et 13 heures, puis entre 18 heures et 21 h 30. <\/p>\n<p>Pour ce qui est du week-end, Pierre Palmade a \u00e9galement une permission de 12 heures \u00e0 17 heures, le samedi. Enfin, le dimanche, de 12 heures \u00e0 17 heures, puis de 18 heures \u00e0 21 h 30. <strong>Ses voisins vont le croiser souvent.<\/strong><\/p>\n<p>      Mentionn\u00e9s dans cet article<\/p>\n<p>\u00c0 lire aussi<\/p>\n","protected":false},"excerpt":{"rendered":"Pierre Palmade est sorti ce 16 avril 2025, apr\u00e8s 5 mois de prison. Et, n&rsquo;en d\u00e9plaise \u00e0 Bertrand&hellip;\n","protected":false},"author":2,"featured_media":37123,"comment_status":"","ping_status":"","sticky":false,"template":"","format":"standard","meta":{"footnotes":""},"categories":[1359],"tags":[6893,58,59,1011,27,973,1250,806],"class_list":{"0":"post-37122","1":"post","2":"type-post","3":"status-publish","4":"format-standard","5":"has-post-thumbnail","7":"category-people","8":"tag-bracelet-electronique","9":"tag-divertissement","10":"tag-entertainment","11":"tag-fr","12":"tag-france","13":"tag-people","14":"tag-pierre-palmade","15":"tag-prison"},"share_on_mastodon":{"url":"https:\/\/pubeurope.com\/@fr\/114366095231388521","error":""},"_links":{"self":[{"href":"https:\/\/www.europesays.com\/fr\/wp-json\/wp\/v2\/posts\/37122","targetHints":{"allow":["GET"]}}],"collection":[{"href":"https:\/\/www.europesays.com\/fr\/wp-json\/wp\/v2\/posts"}],"about":[{"href":"https:\/\/www.europesays.com\/fr\/wp-json\/wp\/v2\/types\/post"}],"author":[{"embeddable":true,"href":"https:\/\/www.europesays.com\/fr\/wp-json\/wp\/v2\/users\/2"}],"replies":[{"embeddable":true,"href":"https:\/\/www.europesays.com\/fr\/wp-json\/wp\/v2\/comments?post=37122"}],"version-history":[{"count":0,"href":"https:\/\/www.europesays.com\/fr\/wp-json\/wp\/v2\/posts\/37122\/revisions"}],"wp:featuredmedia":[{"embeddable":true,"href":"https:\/\/www.europesays.com\/fr\/wp-json\/wp\/v2\/media\/37123"}],"wp:attachment":[{"href":"https:\/\/www.europesays.com\/fr\/wp-json\/wp\/v2\/media?parent=37122"}],"wp:term":[{"taxonomy":"category","embeddable":true,"href":"https:\/\/www.europesays.com\/fr\/wp-json\/wp\/v2\/categories?post=37122"},{"taxonomy":"post_tag","embeddable":true,"href":"https:\/\/www.europesays.com\/fr\/wp-json\/wp\/v2\/tags?post=37122"}],"curies":[{"name":"wp","href":"https:\/\/api.w.org\/{rel}","templated":true}]}}