{"id":371226,"date":"2025-09-06T18:35:10","date_gmt":"2025-09-06T18:35:10","guid":{"rendered":"https:\/\/www.europesays.com\/fr\/371226\/"},"modified":"2025-09-06T18:35:10","modified_gmt":"2025-09-06T18:35:10","slug":"entre-rires-et-complicite-ben-affleck-et-jennifer-garner-se-retrouvent-pour-une-sortie-en-famille","status":"publish","type":"post","link":"https:\/\/www.europesays.com\/fr\/371226\/","title":{"rendered":"Entre rires et complicit\u00e9, Ben Affleck et Jennifer Garner se retrouvent pour une sortie en famille"},"content":{"rendered":"<p>S\u2019ils n\u2019ont pas excell\u00e9 dans leur mariage, ils ont r\u00e9ussi avec brio leur divorce. <a href=\"https:\/\/www.parismatch.com\/bio\/ben-affleck\" target=\"_blank\" rel=\"nofollow noopener\">Ben Affleck<\/a> et Jennifer Garner, <a href=\"https:\/\/www.parismatch.com\/People\/Ben-Affleck-et-Jennifer-Garner-ont-enfin-divorce-1579156\" target=\"_blank\" rel=\"nofollow noopener\">s\u00e9par\u00e9s depuis sept ans<\/a>, ont eu trois enfants ensemble. Pour <a href=\"https:\/\/www.parismatch.com\/people\/fraichement-divorce-ben-affleck-passe-les-fetes-avec-son-ex-jennifer-garner-et-leurs-enfants-245306\" target=\"_blank\" rel=\"nofollow noopener\">Violet (19\u00a0ans), Fin (16\u00a0ans) et Samuel (13\u00a0ans)<\/a>, les deux anciens amoureux ont tout fait pour bien s\u2019entendre et ne pas mettre en p\u00e9ril l\u2019\u00e9quilibre de leur fratrie. Cette sortie culturelle de ce vendredi 5\u00a0septembre le prouve, Ben et Jen sont amis.<\/p>\n<p>Dans les rues de Los Angeles, devant un th\u00e9\u00e2tre de quartier, la petite famille r\u00e9unie (sans l\u2019a\u00een\u00e9e Violet) a retrouv\u00e9 la maman de Ben pour assister \u00e0 une pi\u00e8ce. Devant l\u2019\u00e9tablissement, au sortir de la voiture, la joyeuse troupe a \u00e9t\u00e9 aper\u00e7ue un large sourire aux l\u00e8vres. <a href=\"https:\/\/www.parismatch.com\/People\/Jennifer-Garner-et-Ben-Affleck-discussion-entre-parents-1795824\" target=\"_blank\" rel=\"nofollow noopener\">Papa d\u2019un c\u00f4t\u00e9, maman de l\u2019autre<\/a>, Fin et Samuel n\u2019ont pas boud\u00e9 leur plaisir face \u00e0 la l\u00e9g\u00e8ret\u00e9 ambiante.<\/p>\n<p>    La suite apr\u00e8s cette publicit\u00e9<\/p>\n<p>Amis pour la vie<\/p>\n<p>Entre Ben et Jennifer, aucun retour de flamme n\u2019est pr\u00e9vu. Depuis leur divorce en 2017, <a href=\"https:\/\/www.parismatch.com\/bio\/jennifer-garner\" target=\"_blank\" rel=\"nofollow noopener\">l\u2019actrice de 53\u00a0ans<\/a> a retrouv\u00e9 l\u2019amour aupr\u00e8s de <a href=\"https:\/\/www.parismatch.com\/People\/Jennifer-Garner-en-couple-avec-John-Miller-une-relation-positive-et-legere-1676435\" target=\"_blank\" rel=\"nofollow noopener\">John Miller, un entrepreneur dans le domaine de la restauration<\/a>. De son c\u00f4t\u00e9, Ben Affleck a eu plusieurs histoires, notamment avec Ana de Armas et avec Jennifer Lopez. Cette derni\u00e8re a accept\u00e9 de l\u2019\u00e9pouser en 2022 \u00e0 Las Vegas pour finalement <a href=\"https:\/\/www.parismatch.com\/People\/ben-affleck-ses-premieres-confidences-sur-son-divorce-avec-jennifer-lopez-249232\" target=\"_blank\" rel=\"nofollow noopener\">divorcer en f\u00e9vrier dernier.<\/a> Aux derni\u00e8res nouvelles, le com\u00e9dien de 53\u00a0ans est c\u00e9libataire et souhaite se concentrer sur l\u2019\u00e9ducation de ses enfants.<\/p>\n","protected":false},"excerpt":{"rendered":"S\u2019ils n\u2019ont pas excell\u00e9 dans leur mariage, ils ont r\u00e9ussi avec brio leur divorce. Ben Affleck et Jennifer&hellip;\n","protected":false},"author":2,"featured_media":371227,"comment_status":"","ping_status":"","sticky":false,"template":"","format":"standard","meta":{"footnotes":""},"categories":[1359],"tags":[58,59,1011,27,973],"class_list":{"0":"post-371226","1":"post","2":"type-post","3":"status-publish","4":"format-standard","5":"has-post-thumbnail","7":"category-people","8":"tag-divertissement","9":"tag-entertainment","10":"tag-fr","11":"tag-france","12":"tag-people"},"share_on_mastodon":{"url":"https:\/\/pubeurope.com\/@fr\/115158799097078900","error":""},"_links":{"self":[{"href":"https:\/\/www.europesays.com\/fr\/wp-json\/wp\/v2\/posts\/371226","targetHints":{"allow":["GET"]}}],"collection":[{"href":"https:\/\/www.europesays.com\/fr\/wp-json\/wp\/v2\/posts"}],"about":[{"href":"https:\/\/www.europesays.com\/fr\/wp-json\/wp\/v2\/types\/post"}],"author":[{"embeddable":true,"href":"https:\/\/www.europesays.com\/fr\/wp-json\/wp\/v2\/users\/2"}],"replies":[{"embeddable":true,"href":"https:\/\/www.europesays.com\/fr\/wp-json\/wp\/v2\/comments?post=371226"}],"version-history":[{"count":0,"href":"https:\/\/www.europesays.com\/fr\/wp-json\/wp\/v2\/posts\/371226\/revisions"}],"wp:featuredmedia":[{"embeddable":true,"href":"https:\/\/www.europesays.com\/fr\/wp-json\/wp\/v2\/media\/371227"}],"wp:attachment":[{"href":"https:\/\/www.europesays.com\/fr\/wp-json\/wp\/v2\/media?parent=371226"}],"wp:term":[{"taxonomy":"category","embeddable":true,"href":"https:\/\/www.europesays.com\/fr\/wp-json\/wp\/v2\/categories?post=371226"},{"taxonomy":"post_tag","embeddable":true,"href":"https:\/\/www.europesays.com\/fr\/wp-json\/wp\/v2\/tags?post=371226"}],"curies":[{"name":"wp","href":"https:\/\/api.w.org\/{rel}","templated":true}]}}