{"id":371228,"date":"2025-09-06T18:36:28","date_gmt":"2025-09-06T18:36:28","guid":{"rendered":"https:\/\/www.europesays.com\/fr\/371228\/"},"modified":"2025-09-06T18:36:28","modified_gmt":"2025-09-06T18:36:28","slug":"photographie-et-mer-au-feminin","status":"publish","type":"post","link":"https:\/\/www.europesays.com\/fr\/371228\/","title":{"rendered":"Photographie et mer au f\u00e9minin"},"content":{"rendered":"<p>La mer, reflet de nos corps et de nos r\u00e9cits<\/p>\n<p>Virginie Seiller a captur\u00e9 des sir\u00e8nes professionnelles \u00e0 Hualien, une ville de la c\u00f4te est de <a href=\"https:\/\/fisheyemagazine.fr\/article\/chia-huang-compose-dans-un-silence-qui-veut-tout-dire\/\" target=\"_blank\" rel=\"noreferrer noopener nofollow\">Ta\u00efwan<\/a>, dans un parc aquatique. Chaque jour, elles encha\u00eenent des performances d\u2019une vingtaine de minutes, en apn\u00e9e, devant un public install\u00e9 derri\u00e8re une vitre. Ce m\u00e9tier demande un entra\u00eenement physique intense et de l\u2019endurance : \u00ab Les sir\u00e8nes professionnelles ne font que \u00e7a, parce que ce travail leur prend beaucoup de temps \u00bb, explique la photographe. Sur l\u2019\u00eele, elles sont respect\u00e9es et largement appr\u00e9ci\u00e9es. \u00c0 l\u2019image de la d\u00e9esse de la mer, Mazu, \u00ab elles sont vues comme des cr\u00e9atures bienfaisantes, un peu comme des f\u00e9es \u00bb, assure-t-elle. Pour Virginie Seiller, elles nourrissent un imaginaire vivant autour de figures mythiques venues de la mer, tout en incarnant une forme de lien \u00e0 l\u2019environnement. Les images qu\u2019elle rapporte de son observation sont color\u00e9es et douces, et d\u00e9gagent une po\u00e9sie calme et r\u00eaveuse.<\/p>\n<p>Avec Trouble, Louise A. Depaume explore la relation au corps dans l\u2019eau \u00e0 travers le <a href=\"https:\/\/fisheyemagazine.fr\/article\/ces-photographes-retracent-notre-epoque-avec-des-procedes-dun-autre-temps\/\" target=\"_blank\" rel=\"noreferrer noopener nofollow\">cyanotype<\/a>. Elle photographie ses mod\u00e8les en mouvement, dans des piscines ou en milieu naturel, en laissant une grande part \u00e0 l\u2019improvisation. Elle \u00e9voque un rapport ambivalent \u00e0 l\u2019eau, qui remonte \u00e0 son enfance pass\u00e9e au bord de l\u2019Oise avec son p\u00e8re p\u00eacheur : une attirance m\u00eal\u00e9e d\u2019angoisse pour cet \u00e9l\u00e9ment insaisissable. \u00ab\u00a0Parfois au contraire, une sensation d\u2019extase et de bien-\u00eatre nous ram\u00e8ne inexorablement au liquide amniotique et \u00e0 la chaleur r\u00e9confortante du ventre maternel\u00a0\u00bb, raconte-t-elle. Dans ses images au bleu profond, les ondes fragmentent et distordent le corps qui est alors comme happ\u00e9 par la mati\u00e8re liquide. \u00ab\u00a0L\u2019id\u00e9e est de capter ces instants o\u00f9 quelque chose bascule \u2013 une respiration, un flottement, un sentiment passager ou bien une \u00e9motion plus ancr\u00e9e qui ne demande qu\u2019\u00e0 sortir\u00a0\u00bb, d\u00e9taille-t-elle. Elle capture ainsi \u00ab\u00a0l\u2019eau telle une peau \/ que nul ne peut blesser\u00a0\u00bb, cite-t-elle en reprenant les tr\u00e8s beaux vers de Paul \u00c9luard (\u00ab\u00a0Mouill\u00e9\u00a0\u00bb, Les Animaux et leurs hommes, les hommes et leurs animaux, 1920).<\/p>\n<p>Julie Wintrebert, elle, s\u2019int\u00e9resse \u00e0 un tout autre rapport au rivage. Dans Crazy Beaches, elle travaille \u00e0 partir de sc\u00e8nes de <a href=\"https:\/\/fisheyemagazine.fr\/article\/les-plages-idylliques-de-david-behar\/\" target=\"_blank\" rel=\"noreferrer noopener nofollow\">plage<\/a> prises \u00e0 Camogli, \u00e0 proximit\u00e9 de G\u00eanes, en Italie. \u00ab Une mer turquoise, du sable noir, et surtout une foule immense, un gros chahut \u00bb, d\u00e9crit-elle. Pour restituer cette densit\u00e9, elle superpose les images, joue avec les textures, les formes et les couleurs. \u00ab J\u2019ai toujours entretenu une fascination pour le comportement des foules \u00bb, confie-t-elle. Ce travail, men\u00e9 sur trois ans, \u00e9voque pour elle une certaine effervescence \u2013 parfois dr\u00f4le, parfois tendue ou au contraire euphorique \u2013 li\u00e9e notamment aux corps d\u00e9complex\u00e9s en \u00e9t\u00e9. Certaines personnes y ont vu des r\u00e9f\u00e9rences religieuses, d\u2019autres des tableaux vivants. \u00ab C\u2019est un peu comme une fresque de la vie : il y a l\u2019enfer, le paradis, la l\u00e9g\u00e8ret\u00e9, la tension\u2026 C\u2019est tout le paradoxe \u00bb, r\u00e9sume-t-elle.<\/p>\n","protected":false},"excerpt":{"rendered":"La mer, reflet de nos corps et de nos r\u00e9cits Virginie Seiller a captur\u00e9 des sir\u00e8nes professionnelles \u00e0&hellip;\n","protected":false},"author":2,"featured_media":371229,"comment_status":"","ping_status":"","sticky":false,"template":"","format":"standard","meta":{"footnotes":""},"categories":[1358],"tags":[1348,1384,1385,1386,58,59,1011,27],"class_list":{"0":"post-371228","1":"post","2":"type-post","3":"status-publish","4":"format-standard","5":"has-post-thumbnail","7":"category-arts-et-design","8":"tag-arts","9":"tag-arts-and-design","10":"tag-arts-et-design","11":"tag-design","12":"tag-divertissement","13":"tag-entertainment","14":"tag-fr","15":"tag-france"},"share_on_mastodon":{"url":"https:\/\/pubeurope.com\/@fr\/115158803033487432","error":""},"_links":{"self":[{"href":"https:\/\/www.europesays.com\/fr\/wp-json\/wp\/v2\/posts\/371228","targetHints":{"allow":["GET"]}}],"collection":[{"href":"https:\/\/www.europesays.com\/fr\/wp-json\/wp\/v2\/posts"}],"about":[{"href":"https:\/\/www.europesays.com\/fr\/wp-json\/wp\/v2\/types\/post"}],"author":[{"embeddable":true,"href":"https:\/\/www.europesays.com\/fr\/wp-json\/wp\/v2\/users\/2"}],"replies":[{"embeddable":true,"href":"https:\/\/www.europesays.com\/fr\/wp-json\/wp\/v2\/comments?post=371228"}],"version-history":[{"count":0,"href":"https:\/\/www.europesays.com\/fr\/wp-json\/wp\/v2\/posts\/371228\/revisions"}],"wp:featuredmedia":[{"embeddable":true,"href":"https:\/\/www.europesays.com\/fr\/wp-json\/wp\/v2\/media\/371229"}],"wp:attachment":[{"href":"https:\/\/www.europesays.com\/fr\/wp-json\/wp\/v2\/media?parent=371228"}],"wp:term":[{"taxonomy":"category","embeddable":true,"href":"https:\/\/www.europesays.com\/fr\/wp-json\/wp\/v2\/categories?post=371228"},{"taxonomy":"post_tag","embeddable":true,"href":"https:\/\/www.europesays.com\/fr\/wp-json\/wp\/v2\/tags?post=371228"}],"curies":[{"name":"wp","href":"https:\/\/api.w.org\/{rel}","templated":true}]}}