{"id":371232,"date":"2025-09-06T18:38:11","date_gmt":"2025-09-06T18:38:11","guid":{"rendered":"https:\/\/www.europesays.com\/fr\/371232\/"},"modified":"2025-09-06T18:38:11","modified_gmt":"2025-09-06T18:38:11","slug":"mohamed-bouhafsi-malmene-en-direct-par-francois-bayrou-dans-c-a-vous","status":"publish","type":"post","link":"https:\/\/www.europesays.com\/fr\/371232\/","title":{"rendered":"Mohamed Bouhafsi malmen\u00e9 en direct par Fran\u00e7ois Bayrou dans \u00abC \u00e0 vous\u00bb"},"content":{"rendered":"<p>    Mohamed Bouhafsi et Fran\u00e7ois Bayrou dans \u00abC \u00e0 vous\u00bb<br \/>\n                Capture \u00e9cran<\/p>\n<p>Pour son premier week-end \u00e0 la t\u00eate du talk-show de France 5, le journaliste a d\u00fb se confronter au m\u00e9contentement du premier ministre qui ne s\u2019est pas g\u00ean\u00e9 pour d\u00e9voiler les coulisses de cette entrevue.<\/p>\n<p class=\"fig-paragraph\"><a href=\"http:\/\/tvmag.lefigaro.fr\/programme-tv\/actu-tele\/un-acteur-francais-avait-ete-detestable-au-diner-le-pire-souvenir-de-mohamed-bouhafsi-dans-c-a-vous-20250830\" target=\"_blank\" data-fig-type=\"Article\" rel=\"noopener nofollow\" data-gtm-custom-categorie=\"navigation\" data-gtm-custom-action=\"crossclick\" data-gtm-custom-label=\"Contextuel\" data-gtm-event=\"customEventSPE\" data-fig-domain=\"TVMAG\">Mohamed Bouhafsi<\/a>\u00a0se souviendra longtemps de son premier week-end \u00e0 la t\u00eate de \u00abC \u00e0 vous\u00bb. Son interview de\u00a0<a href=\"http:\/\/www.lefigaro.fr\/conjoncture\/reduire-l-aide-medicale-de-l-etat-le-va-tout-de-francois-bayrou-pour-seduire-le-rn-20250905\" target=\"_blank\" data-fig-type=\"Article\" rel=\"noopener nofollow\" data-gtm-custom-categorie=\"navigation\" data-gtm-custom-action=\"crossclick\" data-gtm-custom-label=\"Contextuel\" data-gtm-event=\"customEventSPE\" data-fig-domain=\"LEFIGARO\">Fran\u00e7ois Bayrou<\/a>\u00a0ne s\u2019est pas d\u00e9roul\u00e9e sans accroc. D\u00e8s les premi\u00e8res minutes pendant l\u2019\u00e9ditorial de Ya\u00ebl Goosz jusqu\u2019aux questions en plateau.<\/p>\n<p class=\"fig-paragraph\">Lundi, le premier ministre se soumettra\u00a0<a href=\"http:\/\/www.lefigaro.fr\/politique\/vote-du-8-septembre-francois-bayrou-s-est-autosaborde-et-s-etonne-d-avoir-perdu-la-confiance-de-l-equipage-20250905\" target=\"_blank\" data-fig-type=\"Article\" rel=\"noopener nofollow\" data-gtm-custom-categorie=\"navigation\" data-gtm-custom-action=\"crossclick\" data-gtm-custom-label=\"Contextuel\" data-gtm-event=\"customEventSPE\" data-fig-domain=\"LEFIGARO\">au vote de confiance de l\u2019Assembl\u00e9e<\/a>. Les pronostics ne sont pas en sa faveur. \u00abSoit c\u2019est l\u2019histoire d\u2019une chute qui \u00e9tait programm\u00e9e, pour \u00e9viter la censure, soit c\u2019est un plan qui a d\u00e9raill\u00e9\u00bb, analyse\u00a0<a href=\"http:\/\/www.lefigaro.fr\/medias\/france-inter-yael-goosz-quitte-la-tete-du-service-politique-20240903\" target=\"_blank\" data-fig-type=\"NewsFlash\" rel=\"noopener nofollow\" data-gtm-custom-categorie=\"navigation\" data-gtm-custom-action=\"crossclick\" data-gtm-custom-label=\"Contextuel\" data-gtm-event=\"customEventSPE\" data-fig-domain=\"LEFIGARO\">Ya\u00ebl Goosz<\/a>\u00a0en ouverture de l\u2019\u00e9mission de ce samedi 6 septembre sur France 5.<\/p>\n<p>                                    <a class=\"fig-a11y-skip a11y-hidden\" href=\"#fig-a11y-skip-main-inarticle\"><br \/>\n        Passer la publicit\u00e9<br \/>\n    <\/a><\/p>\n<p>L\u2019\u00e9dito de la discorde<\/p>\n<p class=\"fig-paragraph\">Le journaliste poursuit face cam\u00e9ra de lister \u00ables erreurs\u00bb de l\u2019homme politique qui attend poliment avant de r\u00e9pondre. \u00abC\u2019est comme s\u2019il s\u2019\u00e9tait autodissout\u00bb, \u00abun peu en roue libre et illisible\u00bb, \u00abtout \u00e7a pour \u00e7a\u00bb, Ya\u00ebl Goosz ne m\u00e9nage pas son invit\u00e9.<\/p>\n<p class=\"fig-paragraph\">La riposte de ce dernier est cinglante. Il d\u00e9plore de devoir \u00eatre \u00aboblig\u00e9 de supporter des affirmations de quelqu\u2019un qui n\u2019a aucune exp\u00e9rience et qui ne sait pas ce dont il parle\u00bb. \u00abVotre assurance, vous ne comprenez pas que c\u2019est g\u00eanant pour ceux qui vous \u00e9coutent\u00bb, estime le premier ministre. Mohamed Bouhafsi rappelle que\u00a0: \u00abcela s\u2019appelle un \u00e9dito, Ya\u00ebl Goosz exprime son ressenti et vous avez le droit de r\u00e9pondre\u00bb.<\/p>\n<blockquote class=\"fig-quote&#10;    \">\n<p class=\"fig-quote__text\">Est-ce qu\u2019on peut sortir des jeux de r\u00f4le\u00a0?<\/p>\n<p>            Fran\u00e7ois Bayrou dans \u00abC \u00e0 vous\u00bb\n    <\/p><\/blockquote>\n<p class=\"fig-paragraph\">\u00ab\u00c7a commence tr\u00e8s bien cette \u00e9mission\u00bb, tente d\u2019ironiser le journaliste politique. En effet, \u00e0 peine cinq minutes se sont \u00e9coul\u00e9es depuis le d\u00e9but du direct. Il en reste encore 45, mais le calvaire de l\u2019\u00e9quipe de \u00abC \u00e0 vous\u00bb n\u2019est pas termin\u00e9.<\/p>\n<p class=\"fig-paragraph\">Mohamed Bouhafsi rappelle le v\u00e9ritable marathon m\u00e9diatique de l\u2019homme politique ces derniers jours et demande \u00e0 son invit\u00e9\u00a0: \u00abpourquoi vous \u00eates l\u00e0 ce soir et qu\u2019est-ce que vous avez envie de dire aux Fran\u00e7ais\u00a0?\u00bb<\/p>\n<p class=\"fig-paragraph\">\u00abJe vous trouve gonfl\u00e9\u00bb, r\u00e9torque Fran\u00e7ois Bayrou qui n\u2019h\u00e9site pas \u00e0 d\u00e9voiler les coulisses de cette entrevue. \u00abJe suis l\u00e0 parce que vous m\u2019avez invit\u00e9. Vous \u00eates venu dans mon bureau pour m\u2019expliquer qu\u2019il fallait que je vienne pour une \u00e9mission o\u00f9 vous aviez envie et besoin de me rencontrer et maintenant vous me demandez \u201cpourquoi vous \u00eates-l\u00e0\u201d ?\u00bb\u00a0<\/p>\n<p>                                    <a class=\"fig-a11y-skip a11y-hidden\" href=\"#fig-a11y-skip-main-inarticle_mtf\"><br \/>\n        Passer la publicit\u00e9<br \/>\n    <\/a><\/p>\n<p class=\"fig-paragraph\">\u00abEst-ce qu\u2019on peut sortir des jeux de r\u00f4le\u00a0?\u00bb, conclut Fran\u00e7ois Bayrou face \u00e0 Mohamed Bouhafsi qui temporise, comme il peut.<\/p>\n","protected":false},"excerpt":{"rendered":"Mohamed Bouhafsi et Fran\u00e7ois Bayrou dans \u00abC \u00e0 vous\u00bb Capture \u00e9cran Pour son premier week-end \u00e0 la t\u00eate&hellip;\n","protected":false},"author":2,"featured_media":371233,"comment_status":"","ping_status":"","sticky":false,"template":"","format":"standard","meta":{"footnotes":""},"categories":[1356],"tags":[58,59,1011,27,431,24618,252,1364],"class_list":{"0":"post-371232","1":"post","2":"type-post","3":"status-publish","4":"format-standard","5":"has-post-thumbnail","7":"category-television","8":"tag-divertissement","9":"tag-entertainment","10":"tag-fr","11":"tag-france","12":"tag-francois-bayrou","13":"tag-mohamed-bouhafsi","14":"tag-television","15":"tag-tv"},"share_on_mastodon":{"url":"https:\/\/pubeurope.com\/@fr\/115158810890876444","error":""},"_links":{"self":[{"href":"https:\/\/www.europesays.com\/fr\/wp-json\/wp\/v2\/posts\/371232","targetHints":{"allow":["GET"]}}],"collection":[{"href":"https:\/\/www.europesays.com\/fr\/wp-json\/wp\/v2\/posts"}],"about":[{"href":"https:\/\/www.europesays.com\/fr\/wp-json\/wp\/v2\/types\/post"}],"author":[{"embeddable":true,"href":"https:\/\/www.europesays.com\/fr\/wp-json\/wp\/v2\/users\/2"}],"replies":[{"embeddable":true,"href":"https:\/\/www.europesays.com\/fr\/wp-json\/wp\/v2\/comments?post=371232"}],"version-history":[{"count":0,"href":"https:\/\/www.europesays.com\/fr\/wp-json\/wp\/v2\/posts\/371232\/revisions"}],"wp:featuredmedia":[{"embeddable":true,"href":"https:\/\/www.europesays.com\/fr\/wp-json\/wp\/v2\/media\/371233"}],"wp:attachment":[{"href":"https:\/\/www.europesays.com\/fr\/wp-json\/wp\/v2\/media?parent=371232"}],"wp:term":[{"taxonomy":"category","embeddable":true,"href":"https:\/\/www.europesays.com\/fr\/wp-json\/wp\/v2\/categories?post=371232"},{"taxonomy":"post_tag","embeddable":true,"href":"https:\/\/www.europesays.com\/fr\/wp-json\/wp\/v2\/tags?post=371232"}],"curies":[{"name":"wp","href":"https:\/\/api.w.org\/{rel}","templated":true}]}}