{"id":371236,"date":"2025-09-06T18:40:23","date_gmt":"2025-09-06T18:40:23","guid":{"rendered":"https:\/\/www.europesays.com\/fr\/371236\/"},"modified":"2025-09-06T18:40:23","modified_gmt":"2025-09-06T18:40:23","slug":"la-femme-qui-en-savait-trop-miroirs-no-3-exit-8-ciudad-sin-sueno-que-voir-cette-semaine","status":"publish","type":"post","link":"https:\/\/www.europesays.com\/fr\/371236\/","title":{"rendered":"\u00ab\u00a0La femme qui en savait trop\u00a0\u00bb, \u00ab\u00a0Miroirs No.3\u00a0\u00bb, \u00ab\u00a0Exit 8\u00a0\u00bb, \u00ab\u00a0Ciudad sin sue\u00f1o\u00a0\u00bb, que voir cette semaine\u00a0?"},"content":{"rendered":"<p>\u00ab\u00a0La Femme qui en savait trop\u00a0\u00bb de Nader Saeivar<\/p>\n<p class=\"PopSlotParagraph qg-tx2 qg-xtra-lh svelte-1r0pyek\">En Iran, Tarlan, professeure de danse \u00e0 la retraite, est t\u00e9moin d\u2019un meurtre commis par une personnalit\u00e9 influente du gouvernement. Elle le signale \u00e0 la police qui refuse d\u2019enqu\u00eater. Elle doit alors choisir entre c\u00e9der aux pressions politiques ou risquer sa r\u00e9putation et ses ressources pour obtenir justice.<\/p>\n<p> \u00ab\u00a0Miroirs No. 3\u00a0\u00bb de Christian Petzold<\/p>\n<p class=\"PopSlotParagraph qg-tx2 qg-xtra-lh svelte-1r0pyek\">Lors d&rsquo;un week-end \u00e0 la campagne, Laura, \u00e9tudiante \u00e0 Berlin, survit miraculeusement \u00e0 un accident de voiture. Physiquement \u00e9pargn\u00e9e mais profond\u00e9ment secou\u00e9e, elle est recueillie chez Betty, qui a \u00e9t\u00e9 t\u00e9moin de l&rsquo;accident et s\u2019occupe d\u2019elle avec affection. Peu \u00e0 peu, le mari et le fils de Betty surmontent leur r\u00e9ticence, et une qui\u00e9tude quasi familiale s\u2019installe. Mais bient\u00f4t, ils ne peuvent plus ignorer leur pass\u00e9, et Laura doit affronter sa propre vie.<\/p>\n<p> \u00ab\u00a0Exit 8\u00a0\u00bb de Genki Kawamura<\/p>\n<p class=\"PopSlotParagraph qg-tx2 qg-xtra-lh svelte-1r0pyek\">Un homme pi\u00e9g\u00e9 dans un couloir de m\u00e9tro cherche la sortie num\u00e9ro 8. Pour la trouver, il faut traquer les anomalies. S\u2019il en voit une, il fait demi-tour. S\u2019il n\u2019en voit aucune, il continue. S\u2019il se trompe, il est renvoy\u00e9 \u00e0 son point de d\u00e9part. Parviendra-t-il \u00e0 sortir de ce couloir sans fin\u00a0?<\/p>\n<p> \u00ab\u00a0Ciudad sin Sue\u00f1o\u00a0\u00bb de Guillermo Galoe<\/p>\n<p class=\"PopSlotParagraph qg-tx2 qg-xtra-lh svelte-1r0pyek\">Toni, un gar\u00e7on Rom de 15 ans, vit dans le plus grand bidonville ill\u00e9gal d&rsquo;Europe, en p\u00e9riph\u00e9rie de Madrid. Fier d&rsquo;appartenir \u00e0 sa famille de ferrailleurs, il suit son grand-p\u00e8re partout. Mais \u00e0 mesure que leur terrain devient la proie des d\u00e9molisseurs, la famille se divise\u00a0: lorsque certains choisissent de partir en ville, son grand-p\u00e8re, lui, refuse de quitter leurs terres. Au fil des nuits, Toni doit faire un choix\u00a0: s\u2019\u00e9lancer vers un avenir incertain ou s&rsquo;accrocher au monde de son enfance.<\/p>\n<p class=\"qg-sr-only\" role=\"heading\" aria-level=\"3\">Pour voir ce contenu, acceptez les cookies.<\/p>\n<p class=\"ConsentNotice-description qg-tx3 svelte-m9wmt1\">Pour afficher ce contenu Youtube, vous devez accepter les cookies <b>Publicit\u00e9<\/b>.<br \/>Ces cookies permettent \u00e0 nos partenaires de vous proposer des publicit\u00e9s et des contenus personnalis\u00e9s en fonction de votre navigation, de votre profil et de vos centres d&rsquo;int\u00e9r\u00eat. <\/p>\n<p>  G\u00e9rer mes choix     J&rsquo;autorise  <\/p>\n<p>\u00ab\u00a0Fils de\u00a0\u00bb de\u00a0Carlos Abascal Peir\u00f3<\/p>\n<p class=\"PopSlotParagraph qg-tx2 qg-xtra-lh svelte-1r0pyek\">Une semaine apr\u00e8s la pr\u00e9sidentielle, la France cherche toujours son Premier Ministre. Nino, jeune attach\u00e9 parlementaire ambitieux, est missionn\u00e9 pour convaincre son p\u00e8re, Lionel Perrin d\u2019accepter le poste. Mais cet \u00e9ternel perdant a coup\u00e9 les ponts avec la politique\u2026et son fils. Nino se retrouve embarqu\u00e9 dans une course effr\u00e9n\u00e9e o\u00f9 tous les coups sont permis. Il a 24h pour sauver sa carri\u00e8re, son couple et si possible l\u2019avenir de la France\u00a0!<\/p>\n<p> \u00ab\u00a0La Voie du serpent\u00a0\u00bb de Kiyoshi Kurosawa<\/p>\n<p class=\"PopSlotParagraph qg-tx2 qg-xtra-lh svelte-1r0pyek\">Albert Bacheret est un p\u00e8re d\u00e9vast\u00e9 par la disparition inexplicable de sa fille de huit ans. Alors que la police semble incapable de r\u00e9soudre l&rsquo;affaire, il d\u00e9cide de mener sa propre enqu\u00eate et re\u00e7oit l&rsquo;aide inattendue de Sayoko, une \u00e9nigmatique psychiatre japonaise. Ensemble, ils kidnappent des responsables du \u00ab\u00a0Cercle\u00a0\u00bb, une soci\u00e9t\u00e9 secr\u00e8te. Mais chaque nouvel indice m\u00e8ne \u00e0 un nouveau suspect qui pr\u00e9sente toujours une version diff\u00e9rente des faits&#8230; Obs\u00e9d\u00e9 par la v\u00e9rit\u00e9, Albert va devoir naviguer entre sa soif aveugle de vengeance et une infinie spirale de mensonges.<\/p>\n","protected":false},"excerpt":{"rendered":"\u00ab\u00a0La Femme qui en savait trop\u00a0\u00bb de Nader Saeivar En Iran, Tarlan, professeure de danse \u00e0 la retraite,&hellip;\n","protected":false},"author":2,"featured_media":371237,"comment_status":"","ping_status":"","sticky":false,"template":"","format":"standard","meta":{"footnotes":""},"categories":[1354],"tags":[58,59,1346,1011,27,1360],"class_list":{"0":"post-371236","1":"post","2":"type-post","3":"status-publish","4":"format-standard","5":"has-post-thumbnail","7":"category-films","8":"tag-divertissement","9":"tag-entertainment","10":"tag-films","11":"tag-fr","12":"tag-france","13":"tag-movies"},"share_on_mastodon":{"url":"https:\/\/pubeurope.com\/@fr\/115158818768729593","error":""},"_links":{"self":[{"href":"https:\/\/www.europesays.com\/fr\/wp-json\/wp\/v2\/posts\/371236","targetHints":{"allow":["GET"]}}],"collection":[{"href":"https:\/\/www.europesays.com\/fr\/wp-json\/wp\/v2\/posts"}],"about":[{"href":"https:\/\/www.europesays.com\/fr\/wp-json\/wp\/v2\/types\/post"}],"author":[{"embeddable":true,"href":"https:\/\/www.europesays.com\/fr\/wp-json\/wp\/v2\/users\/2"}],"replies":[{"embeddable":true,"href":"https:\/\/www.europesays.com\/fr\/wp-json\/wp\/v2\/comments?post=371236"}],"version-history":[{"count":0,"href":"https:\/\/www.europesays.com\/fr\/wp-json\/wp\/v2\/posts\/371236\/revisions"}],"wp:featuredmedia":[{"embeddable":true,"href":"https:\/\/www.europesays.com\/fr\/wp-json\/wp\/v2\/media\/371237"}],"wp:attachment":[{"href":"https:\/\/www.europesays.com\/fr\/wp-json\/wp\/v2\/media?parent=371236"}],"wp:term":[{"taxonomy":"category","embeddable":true,"href":"https:\/\/www.europesays.com\/fr\/wp-json\/wp\/v2\/categories?post=371236"},{"taxonomy":"post_tag","embeddable":true,"href":"https:\/\/www.europesays.com\/fr\/wp-json\/wp\/v2\/tags?post=371236"}],"curies":[{"name":"wp","href":"https:\/\/api.w.org\/{rel}","templated":true}]}}