{"id":371242,"date":"2025-09-06T18:43:10","date_gmt":"2025-09-06T18:43:10","guid":{"rendered":"https:\/\/www.europesays.com\/fr\/371242\/"},"modified":"2025-09-06T18:43:10","modified_gmt":"2025-09-06T18:43:10","slug":"cnews-creuse-lecart-bfmtv-perd-du-terrain-lci-progresse-dans-les-coulisses-de-la-guerre-des-chaines-info","status":"publish","type":"post","link":"https:\/\/www.europesays.com\/fr\/371242\/","title":{"rendered":"CNews creuse l\u2019\u00e9cart, BFMTV perd du terrain, LCI progresse\u2026 Dans les coulisses de la guerre des cha\u00eenes info"},"content":{"rendered":"<p class=\"paragraph text_align_left lp-f-body-02\">Deux semaines apr\u00e8s une <a href=\"https:\/\/www.leparisien.fr\/culture-loisirs\/tv\/tenza-fauvelle-brunet-le-match-entre-cnews-bfmtv-et-lci-quels-enjeux-pour-la-rentree-des-chaines-info-24-08-2025-2ZXRA6ND3NFQ7HOCJY64YF4UZA.php\" target=\"_blank\" rel=\"noreferrer nofollow noopener\">rentr\u00e9e marqu\u00e9e par un festival de nouveaut\u00e9s<\/a>, place au tout premier bilan des nouvelles grilles des cha\u00eenes info. Avec un grand gagnant : CNews. La cha\u00eene conservatrice de Vincent Bollor\u00e9 semble d\u00e9sormais sur orbite. En cette rentr\u00e9e politique intense, elle est plus que jamais leader des cha\u00eenes info, avec 3,8 % de part de march\u00e9 moyenne sur les deux premi\u00e8res semaines de la rentr\u00e9e (du 25 ao\u00fbt au 4 septembre, week-end compris).<\/p>\n<p class=\"paragraph text_align_left lp-f-body-02\">La cha\u00eene progresse de 0,7 point par rapport \u00e0 la rentr\u00e9e 2024 et compte pr\u00e8s d\u2019un point d\u2019avance sur sa premi\u00e8re concurrente, BFMTV. Comme dans une course \u00e0 la pr\u00e9sidentielle, ce qui compte dans les sondages comme dans les audiences, ce sont les dynamiques, et celles-ci sont en la faveur de <a href=\"https:\/\/www.leparisien.fr\/culture-loisirs\/tv\/cnews-sur-orbite-lci-grimpe-bfm-stagne-les-audiences-des-chaines-dinfo-apres-le-changement-de-numerotation-de-la-tnt-30-06-2025-P5AQMD64JJAPTO2B7LFBOHZ24U.php\" target=\"_blank\" rel=\"noreferrer nofollow noopener\">CNews qui sera vraisemblablement ind\u00e9tr\u00f4nable cette saison<\/a>.<\/p>\n","protected":false},"excerpt":{"rendered":"Deux semaines apr\u00e8s une rentr\u00e9e marqu\u00e9e par un festival de nouveaut\u00e9s, place au tout premier bilan des nouvelles&hellip;\n","protected":false},"author":2,"featured_media":371243,"comment_status":"","ping_status":"","sticky":false,"template":"","format":"standard","meta":{"footnotes":""},"categories":[8],"tags":[872,58,59,1011,27,2205],"class_list":{"0":"post-371242","1":"post","2":"type-post","3":"status-publish","4":"format-standard","5":"has-post-thumbnail","7":"category-divertissement","8":"tag-culture-et-loisirs","9":"tag-divertissement","10":"tag-entertainment","11":"tag-fr","12":"tag-france","13":"tag-television-medias"},"share_on_mastodon":{"url":"https:\/\/pubeurope.com\/@fr\/115158830607613103","error":""},"_links":{"self":[{"href":"https:\/\/www.europesays.com\/fr\/wp-json\/wp\/v2\/posts\/371242","targetHints":{"allow":["GET"]}}],"collection":[{"href":"https:\/\/www.europesays.com\/fr\/wp-json\/wp\/v2\/posts"}],"about":[{"href":"https:\/\/www.europesays.com\/fr\/wp-json\/wp\/v2\/types\/post"}],"author":[{"embeddable":true,"href":"https:\/\/www.europesays.com\/fr\/wp-json\/wp\/v2\/users\/2"}],"replies":[{"embeddable":true,"href":"https:\/\/www.europesays.com\/fr\/wp-json\/wp\/v2\/comments?post=371242"}],"version-history":[{"count":0,"href":"https:\/\/www.europesays.com\/fr\/wp-json\/wp\/v2\/posts\/371242\/revisions"}],"wp:featuredmedia":[{"embeddable":true,"href":"https:\/\/www.europesays.com\/fr\/wp-json\/wp\/v2\/media\/371243"}],"wp:attachment":[{"href":"https:\/\/www.europesays.com\/fr\/wp-json\/wp\/v2\/media?parent=371242"}],"wp:term":[{"taxonomy":"category","embeddable":true,"href":"https:\/\/www.europesays.com\/fr\/wp-json\/wp\/v2\/categories?post=371242"},{"taxonomy":"post_tag","embeddable":true,"href":"https:\/\/www.europesays.com\/fr\/wp-json\/wp\/v2\/tags?post=371242"}],"curies":[{"name":"wp","href":"https:\/\/api.w.org\/{rel}","templated":true}]}}