{"id":371247,"date":"2025-09-06T18:46:21","date_gmt":"2025-09-06T18:46:21","guid":{"rendered":"https:\/\/www.europesays.com\/fr\/371247\/"},"modified":"2025-09-06T18:46:21","modified_gmt":"2025-09-06T18:46:21","slug":"la-police-traque-des-islamistes-apres-la-violente-exhumation-dun-religieux-sunnite","status":"publish","type":"post","link":"https:\/\/www.europesays.com\/fr\/371247\/","title":{"rendered":"la police traque des islamistes apr\u00e8s la violente exhumation d\u2019un religieux sunnite"},"content":{"rendered":"<p class=\"fig-paragraph\">La police du\u00a0<a href=\"http:\/\/www.lefigaro.fr\/international\/bangladesh-comment-la-revolution-etudiante-a-renverse-la-premiere-ministre-sheikh-hasina-20240820\" data-fig-type=\"Article\" data-gtm-custom-categorie=\"navigation\" data-gtm-custom-action=\"crossclick\" data-gtm-custom-label=\"Contextuel\" data-gtm-event=\"customEventSPE\" data-fig-domain=\"LEFIGARO\" target=\"_blank\" rel=\"noopener\">Bangladesh<\/a>\u00a0a annonc\u00e9 samedi qu&rsquo;elle tentait de retrouver des militants islamistes accus\u00e9s d&rsquo;avoir la veille exhum\u00e9 et br\u00fbl\u00e9 le corps d&rsquo;un religieux sunnite mod\u00e9r\u00e9, suscitant r\u00e9probation et indignation dans tout le pays.<\/p>\n<p class=\"fig-paragraph\">Victimes pendant des ann\u00e9es de la r\u00e9pression exerc\u00e9e par l&rsquo;ex-premi\u00e8re ministre Sheikh Hasina tomb\u00e9e il y a un an, les mouvements islamistes ont depuis refait surface au Bangladesh. De nombreux incidents et violences publics leur ont \u00e9t\u00e9 imput\u00e9s ces derniers mois, visant notamment la minorit\u00e9 musulmane soufie. Le soufisme est une pratique mystique et \u00e9sot\u00e9rique consid\u00e9r\u00e9e comme d\u00e9viante par les partisans d&rsquo;un islam rigoriste.<\/p>\n<p>                                    <a class=\"fig-a11y-skip a11y-hidden\" href=\"#fig-a11y-skip-main-inarticle\"><br \/>\n        Passer la publicit\u00e9<br \/>\n    <\/a><\/p>\n<p class=\"fig-paragraph\">Vendredi \u00e0 Rajbari, \u00e0 l&rsquo;ouest de la capitale Dacca, des militants islamistes ont attaqu\u00e9 la s\u00e9pulture d&rsquo;un responsable soufi, Nurul Haque, enterr\u00e9 en ao\u00fbt selon les pr\u00e9ceptes de sa confession. \u00abSous la banni\u00e8re du \u201ccomit\u00e9 Iman-Aqida Raksha\u201d, certains ont demand\u00e9 \u00e0 ce que sa s\u00e9pulture soit modifi\u00e9e\u00bb, a racont\u00e9 un journaliste local, Azaz Ahmed. \u00abApr\u00e8s la grande pri\u00e8re, le comit\u00e9 a organis\u00e9 un rassemblement et envahi la s\u00e9pulture\u00bb.<\/p>\n<p>\u00abAucun d\u2019entre eux ne sera \u00e9pargn\u00e9\u00bb<\/p>\n<p class=\"fig-paragraph\">\u00abQuelque 2000 personnes, arm\u00e9s de barres \u00e0 mine, de marteaux et de gourdins ont envahi le tombeau de Nurul Haque et l&rsquo;on d\u00e9truit\u00bb, a rapport\u00e9 le chef de la police du district, Md Kamrul Islam. Des vid\u00e9os diffus\u00e9es sur les r\u00e9seaux sociaux montrent la foule tra\u00eenant la d\u00e9pouille du religieux dans la rue avant de la br\u00fbler.<\/p>\n<p class=\"fig-paragraph\">De violents affrontements ont ensuite oppos\u00e9 les militants islamistes \u00e0 la foule, faisant au moins un mort et une cinquantaine de bless\u00e9s, dont trois se trouvaient samedi dans un \u00e9tat critique, a-t-on appris samedi de source hospitali\u00e8re locale. L&rsquo;homme retrouv\u00e9 mort, Russell Molla, 28 ans, \u00e9tait l&rsquo;un des gardiens de la s\u00e9pulture, a pr\u00e9cis\u00e9 la police. \u00abLes auteurs (des violences) sont en cours d&rsquo;identification, aucun d&rsquo;entre eux ne sera \u00e9pargn\u00e9\u00bb, a assur\u00e9 le chef de la police locale. Le gouvernement provisoire, dirig\u00e9 par le prix Nobel de la paix Muhammad Yunus, a aussit\u00f4t condamn\u00e9 un acte \u00abinhumain et m\u00e9prisable\u00bb. \u00abLes barbaries ne seront pas tol\u00e9r\u00e9es\u00bb, a-t-il ajout\u00e9, en promettant de d\u00e9fendre \u00abl&rsquo;\u00c9tat de droit\u00bb.<\/p>\n<p class=\"fig-paragraph\">Largement form\u00e9 des \u00e9tudiants qui ont pr\u00e9cipit\u00e9 la chute de Sheikh Hasina en ao\u00fbt dernier, le Parti national des citoyens (NCP) a d\u00e9nonc\u00e9 \u00abl&rsquo;\u00e9chec\u00bb des autorit\u00e9s \u00e0 garantir l&rsquo;ordre public. \u00abNous sommes tr\u00e8s inquiets\u00bb, a confi\u00e9 un d\u00e9fenseur des droits humains, Abu Ahmed Faijul Kabir. Interdit sous l&rsquo;ancien gouvernement, le principal parti islamiste du pays, le Jamaat-e-Islami, a \u00e9t\u00e9 autoris\u00e9 \u00e0 participer aux \u00e9lections pr\u00e9vues en f\u00e9vrier.<\/p>\n","protected":false},"excerpt":{"rendered":"La police du\u00a0Bangladesh\u00a0a annonc\u00e9 samedi qu&rsquo;elle tentait de retrouver des militants islamistes accus\u00e9s d&rsquo;avoir la veille exhum\u00e9 et&hellip;\n","protected":false},"author":2,"featured_media":371248,"comment_status":"","ping_status":"","sticky":false,"template":"","format":"standard","meta":{"footnotes":""},"categories":[5],"tags":[11,6811,1011,27,14,36462,19920,12,28],"class_list":{"0":"post-371247","1":"post","2":"type-post","3":"status-publish","4":"format-standard","5":"has-post-thumbnail","7":"category-international","8":"tag-actualites","9":"tag-bangladesh","10":"tag-fr","11":"tag-france","12":"tag-international","13":"tag-islamiste","14":"tag-musulmans","15":"tag-news","16":"tag-world"},"share_on_mastodon":{"url":"https:\/\/pubeurope.com\/@fr\/115158842390863231","error":""},"_links":{"self":[{"href":"https:\/\/www.europesays.com\/fr\/wp-json\/wp\/v2\/posts\/371247","targetHints":{"allow":["GET"]}}],"collection":[{"href":"https:\/\/www.europesays.com\/fr\/wp-json\/wp\/v2\/posts"}],"about":[{"href":"https:\/\/www.europesays.com\/fr\/wp-json\/wp\/v2\/types\/post"}],"author":[{"embeddable":true,"href":"https:\/\/www.europesays.com\/fr\/wp-json\/wp\/v2\/users\/2"}],"replies":[{"embeddable":true,"href":"https:\/\/www.europesays.com\/fr\/wp-json\/wp\/v2\/comments?post=371247"}],"version-history":[{"count":0,"href":"https:\/\/www.europesays.com\/fr\/wp-json\/wp\/v2\/posts\/371247\/revisions"}],"wp:featuredmedia":[{"embeddable":true,"href":"https:\/\/www.europesays.com\/fr\/wp-json\/wp\/v2\/media\/371248"}],"wp:attachment":[{"href":"https:\/\/www.europesays.com\/fr\/wp-json\/wp\/v2\/media?parent=371247"}],"wp:term":[{"taxonomy":"category","embeddable":true,"href":"https:\/\/www.europesays.com\/fr\/wp-json\/wp\/v2\/categories?post=371247"},{"taxonomy":"post_tag","embeddable":true,"href":"https:\/\/www.europesays.com\/fr\/wp-json\/wp\/v2\/tags?post=371247"}],"curies":[{"name":"wp","href":"https:\/\/api.w.org\/{rel}","templated":true}]}}