{"id":371249,"date":"2025-09-06T18:47:10","date_gmt":"2025-09-06T18:47:10","guid":{"rendered":"https:\/\/www.europesays.com\/fr\/371249\/"},"modified":"2025-09-06T18:47:10","modified_gmt":"2025-09-06T18:47:10","slug":"un-homme-interpelle-apres-des-degradations-cette-nuit-dans-le-cimetiere-de-froges","status":"publish","type":"post","link":"https:\/\/www.europesays.com\/fr\/371249\/","title":{"rendered":"un homme interpell\u00e9 apr\u00e8s des d\u00e9gradations cette nuit dans le cimeti\u00e8re de Froges"},"content":{"rendered":"<p class=\"xsm-p emxed-markup\">L\u2019affaire suscite un vif \u00e9moi dans la commune du Gr\u00e9sivaudan. Dans la nuit de vendredi \u00e0 samedi, un peu avant minuit, de nombreuses d\u00e9gradations ont \u00e9t\u00e9 commises dans le cimeti\u00e8re de la ville. Plusieurs objets, des statues et des croix, tous religieux ont \u00e9t\u00e9 cass\u00e9s, renvers\u00e9s ou descell\u00e9s des st\u00e8les sur une cinquantaine de monuments fun\u00e9raires, tous situ\u00e9s \u00ab\u00a0dans la partie gauche du cimeti\u00e8re\u00a0\u00bb, selon le maire Olivier Salvetti. Des croix, dont certaines se trouvant sur des tombes anciennes, ont \u00e9galement \u00e9t\u00e9 retourn\u00e9es.<\/p>\n<p class=\"xsm-p emxed-markup\">Surpris en flagrant d\u00e9lit par un groupe de jeunes revenant du match de rugby Grenoble\/Aurillac, au sein duquel se trouvait un gendarme r\u00e9serviste, un homme a \u00e9t\u00e9 interpell\u00e9, d\u2019apr\u00e8s les informations du\u00a0Dauphin\u00e9 Lib\u00e9r\u00e9. Il a \u00e9t\u00e9 plac\u00e9 en garde \u00e0 vue \u00e0 la brigade de Saint-Ismier et s\u2019y trouvait toujours ce samedi soir.<\/p>\n<p class=\"xsm-p emxed-markup\">D\u2019apr\u00e8s un repr\u00e9sentant du parquet de Grenoble, le suspect est \u00e2g\u00e9 de 22 ans et c\u2019est un ancien habitant de Froges. Il n\u2019est pas particuli\u00e8rement connu de la justice.<\/p>\n<p class=\"xsm-p emxed-markup\">Pour l\u2019heure ses motivations restent floues, mais l\u2019homme pr\u00e9senterait des sympt\u00f4mes de d\u00e9pression. Il aurait expliqu\u00e9 aux enqu\u00eateurs qu\u2019il ne \u00ab\u00a0se sentait pas bien\u00a0\u00bb.\u00a0Le parquet a demand\u00e9 la r\u00e9alisation d\u2019un examen psychiatrique du suspect. Il devrait intervenir ce samedi soir.\u00a0D\u2019apr\u00e8s diff\u00e9rentes sources, il n\u2019\u00e9tait pas alcoolis\u00e9 ou sous l\u2019empire de stup\u00e9fiants au moment des faits.<\/p>\n<p>Ce contenu est bloqu\u00e9 car vous n&rsquo;avez pas accept\u00e9 les cookies et autres traceurs.<\/p>\n<p>En cliquant sur \u00ab J\u2019accepte \u00bb, les cookies et autres traceurs seront d\u00e9pos\u00e9s et vous pourrez visualiser les contenus  (<a href=\"\" class=\"consentModule_policy\" target=\"_blank\" title=\"Consulter la politique de protection des donn\u00e9es du fournisseur\">plus d&rsquo;informations<\/a>).<\/p>\n<p>En cliquant sur \u00ab J\u2019accepte tous les cookies \u00bb, vous autorisez des d\u00e9p\u00f4ts de cookies et autres traceurs pour le stockage de vos donn\u00e9es sur nos sites et applications \u00e0 des fins de personnalisation et de ciblage publicitaire.<\/p>\n<p class=\"consentModule_secondaryText\">Vous gardez la possibilit\u00e9 de retirer votre consentement \u00e0 tout moment en consultant notre <a href=\"https:\/\/www.ledauphine.com\/protection-des-donnees\" target=\"_blank\" title=\"Consulter notre politique de protection des donn\u00e9es\" rel=\"noopener\">politique de protection des donn\u00e9es<\/a>. <br \/>&#13;<br \/>\n            <a href=\"https:\/\/www.ledauphine.com\/faits-divers-justice\/2025\/09\/06\/javascript:Didomi.notice.show()\" class=\"consentModule_cmp\" target=\"_blank\" rel=\"noopener\">G\u00e9rer mes choix<\/a>&#13;\n        <\/p>\n<p>&#13;<br \/>\n                        J&rsquo;accepte&#13;<br \/>\n            J&rsquo;accepte tous les cookies&#13;\n        <\/p>\n<p>  \u00ab\u00a0Un acte inacceptable\u00a0\u00bb<\/p>\n<p class=\"xsm-p emxed-markup\">Ce samedi matin, les gendarmes ont proc\u00e9d\u00e9 aux constatations et pris des photos de tous les objets d\u00e9t\u00e9rior\u00e9s et toutes les tombes ab\u00eem\u00e9es.<\/p>\n<p class=\"xsm-p emxed-markup\">Pour le premier \u00e9dile, qui s\u2019est rendu sur place et assure que \u00ab\u00a0les symboles religieux ont \u00e9t\u00e9 vis\u00e9s\u00a0\u00bb, cet \u00ab\u00a0acte est inacceptable\u00a0\u00bb. \u00ab\u00a0On ne peut pas laisser passer cela\u00a0\u00bb, indique-t-il. Ce dernier invite toutes les familles concern\u00e9es par ces d\u00e9gradations \u00e0 porter plainte. \u00ab\u00a0C\u2019est une question de principe et de respect vis-\u00e0-vis des personnes d\u00e9c\u00e9d\u00e9es, poursuit-il. Les cimeti\u00e8res, on n\u2019y touche pas. Il n\u2019y a pas d\u2019indulgence \u00e0 avoir.\u00a0\u00bb<\/p>\n<p class=\"xsm-p emxed-markup\">Toujours d\u2019apr\u00e8s le maire, le mode op\u00e9ratoire laisse penser que le suspect \u00ab\u00a0avait l\u2019intention de faire tout le cimeti\u00e8re\u00a0\u00bb et qu\u2019il en a \u00e9t\u00e9 emp\u00each\u00e9 uniquement gr\u00e2ce \u00e0 l\u2019intervention du groupe de jeunes Frogiens.<\/p>\n","protected":false},"excerpt":{"rendered":"L\u2019affaire suscite un vif \u00e9moi dans la commune du Gr\u00e9sivaudan. Dans la nuit de vendredi \u00e0 samedi, un&hellip;\n","protected":false},"author":2,"featured_media":371250,"comment_status":"","ping_status":"","sticky":false,"template":"","format":"standard","meta":{"footnotes":""},"categories":[4],"tags":[11,271,272,113,274,107,1795,1011,27,35789,6096,108,12,25],"class_list":{"0":"post-371249","1":"post","2":"type-post","3":"status-publish","4":"format-standard","5":"has-post-thumbnail","7":"category-france","8":"tag-actualites","9":"tag-crime","10":"tag-delit-et-contravention","11":"tag-edition-gresivaudan-oisans","12":"tag-faits-divers-justice","13":"tag-fil-info","14":"tag-fil-web","15":"tag-fr","16":"tag-france","17":"tag-froges","18":"tag-goncelin-et-autour","19":"tag-isere","20":"tag-news","21":"tag-republique-francaise"},"share_on_mastodon":{"url":"https:\/\/pubeurope.com\/@fr\/115158846285034587","error":""},"_links":{"self":[{"href":"https:\/\/www.europesays.com\/fr\/wp-json\/wp\/v2\/posts\/371249","targetHints":{"allow":["GET"]}}],"collection":[{"href":"https:\/\/www.europesays.com\/fr\/wp-json\/wp\/v2\/posts"}],"about":[{"href":"https:\/\/www.europesays.com\/fr\/wp-json\/wp\/v2\/types\/post"}],"author":[{"embeddable":true,"href":"https:\/\/www.europesays.com\/fr\/wp-json\/wp\/v2\/users\/2"}],"replies":[{"embeddable":true,"href":"https:\/\/www.europesays.com\/fr\/wp-json\/wp\/v2\/comments?post=371249"}],"version-history":[{"count":0,"href":"https:\/\/www.europesays.com\/fr\/wp-json\/wp\/v2\/posts\/371249\/revisions"}],"wp:featuredmedia":[{"embeddable":true,"href":"https:\/\/www.europesays.com\/fr\/wp-json\/wp\/v2\/media\/371250"}],"wp:attachment":[{"href":"https:\/\/www.europesays.com\/fr\/wp-json\/wp\/v2\/media?parent=371249"}],"wp:term":[{"taxonomy":"category","embeddable":true,"href":"https:\/\/www.europesays.com\/fr\/wp-json\/wp\/v2\/categories?post=371249"},{"taxonomy":"post_tag","embeddable":true,"href":"https:\/\/www.europesays.com\/fr\/wp-json\/wp\/v2\/tags?post=371249"}],"curies":[{"name":"wp","href":"https:\/\/api.w.org\/{rel}","templated":true}]}}