{"id":371251,"date":"2025-09-06T18:48:11","date_gmt":"2025-09-06T18:48:11","guid":{"rendered":"https:\/\/www.europesays.com\/fr\/371251\/"},"modified":"2025-09-06T18:48:11","modified_gmt":"2025-09-06T18:48:11","slug":"top-14-on-aurait-explose-depuis-longtemps-sil-ny-avait-pas-de-la-qualite-profonde-dans-ce-vestiaire-souligne-franck-azema-perpignan","status":"publish","type":"post","link":"https:\/\/www.europesays.com\/fr\/371251\/","title":{"rendered":"Top 14 \u2013 \u00ab\u00a0On aurait explos\u00e9 depuis longtemps s\u2019il n\u2019y avait pas de la qualit\u00e9 profonde dans ce vestiaire\u00a0\u00bb souligne Franck Az\u00e9ma (Perpignan)"},"content":{"rendered":"<p>\n                Le manager de l\u2019Usap, Franck Az\u00e9ma, regrettait les nombreuses scories de son \u00e9quipe. Si l\u2019investissement \u00e9tait au rendez-vous, le manque de pr\u00e9cision face aux Bayonnais a \u00e9t\u00e9 fatal selon ses termes, et appelle \u00e0 une r\u00e9action prochainement.<\/p>\n<p><strong>Franck, cet apr\u00e8s-midi, l\u2019Usap n\u2019a pu remporter sa premi\u00e8re \u00e0 domicile\u00a0? Une explication\u00a0?<\/strong><\/p>\n<p>Je trouve qu\u2019en termes d\u2019engagement, les mecs se sont envoy\u00e9s. Dans l\u2019ex\u00e9cution par contre, tu n\u2019es pas au niveau sur la rencontre. Dans la qualit\u00e9 de notre jeu au pied, dans les transmissions, des choses qui te permettent d\u2019avancer et qui sont \u00e9l\u00e9mentaires, et m\u00eame si on revient avant la mi-temps, nous sommes inconstants, comme nos\u00a020 premi\u00e8res minutes o\u00f9 nous avons \u00e9t\u00e9 pauvres. Pour faire jeu \u00e9gal avec ces \u00e9quipes, il te faut exprimer ton temp\u00e9rament avec le bon dosage.<\/p>\n<p><strong>Est-ce que la furia catalane n\u2019a dur\u00e9 que 4 minutes\u00a0?<\/strong><\/p>\n<p>Je pense que les mecs, jusqu\u2019\u00e0 la derni\u00e8re seconde, ils n\u2019ont rien l\u00e2ch\u00e9. On ne prend pas deux ou trois s\u00e9quences pr\u00e8s des lignes, sans concr\u00e9tiser. C\u2019est car qu\u2019on ne fait pas la furia, o\u00f9 qu\u2019on est pas capables de tenir le ballon et de se faire deux passes\u00a0? Je vois des gar\u00e7ons revenir d\u00e9fendre apr\u00e8s avoir \u00e9t\u00e9 franchi. Autant la semaine derni\u00e8re, j\u2019\u00e9tais d\u2019accord avec les critiques, quand on se fait rouler dessus. Ce n\u2019est pas le cas aujourd\u2019hui, nous sommes juste faibles dans notre ex\u00e9cution.<\/p>\n<p>\u00ab\u00a0Se servir de nos \u00e9motions\u00a0\u00bb<\/p>\n<p><strong>Existe-t-il des stigmates des ann\u00e9es pr\u00e9c\u00e9dentes\u00a0?<\/strong><\/p>\n<p>Il faut arr\u00eater avec cela, ce n\u2019est que le premier match de la saison. On peut se dire que demain on joue l\u2019access-match. Moi, ce qui m\u2019int\u00e9resse, c\u2019est ce que l\u2019on va produire la semaine prochaine \u00e0 Toulouse. Et si on n\u2019am\u00e9liore pas notre rugby, on en prendra 50. Travaillons ensemble, il y a des bons joueurs, mais il faut \u00eatre plus concentr\u00e9s et appliqu\u00e9s sous la pression.<\/p>\n<p><strong>Avez-vous senti dans la semaine une forme de f\u00e9brilit\u00e9\u00a0?<\/strong><\/p>\n<p>J\u2019ai senti que cette semaine nous \u00e9tions frustr\u00e9s de notre match contre Montpellier. Tu tra\u00eenes cela un peu, et c\u2019est normal. Et si on a donn\u00e9 une autre version aujourd\u2019hui, quand tu te fais rouler en m\u00eal\u00e9e\u2026 Nos \u00e9motions il faut s\u2019en servir, mais comment prendre du plaisir aussi. Tu dois provoquer les choses, nous sommes tous frustr\u00e9s ce soir.<\/p>\n<p><strong>La confiance n\u2019\u00e9tait pas au rendez-vous\u00a0?<\/strong><\/p>\n<p>J\u2019ai confiance en la qualit\u00e9 profonde du vestiaire. Si on n\u2019avait pas cela, on aurait explos\u00e9 depuis longtemps. Maintenant, des gar\u00e7ons arrivent. Il faut grossir cette confiance et aller chercher des choses. Apr\u00e8s on a des ressources, et il faut en faire en sorte de se ressaisir.<\/p>\n","protected":false},"excerpt":{"rendered":"Le manager de l\u2019Usap, Franck Az\u00e9ma, regrettait les nombreuses scories de son \u00e9quipe. Si l\u2019investissement \u00e9tait au rendez-vous,&hellip;\n","protected":false},"author":2,"featured_media":371252,"comment_status":"","ping_status":"","sticky":false,"template":"","format":"standard","meta":{"footnotes":""},"categories":[2],"tags":[11,1011,27,12],"class_list":{"0":"post-371251","1":"post","2":"type-post","3":"status-publish","4":"format-standard","5":"has-post-thumbnail","7":"category-actualites","8":"tag-actualites","9":"tag-fr","10":"tag-france","11":"tag-news"},"share_on_mastodon":{"url":"https:\/\/pubeurope.com\/@fr\/115158850176432397","error":""},"_links":{"self":[{"href":"https:\/\/www.europesays.com\/fr\/wp-json\/wp\/v2\/posts\/371251","targetHints":{"allow":["GET"]}}],"collection":[{"href":"https:\/\/www.europesays.com\/fr\/wp-json\/wp\/v2\/posts"}],"about":[{"href":"https:\/\/www.europesays.com\/fr\/wp-json\/wp\/v2\/types\/post"}],"author":[{"embeddable":true,"href":"https:\/\/www.europesays.com\/fr\/wp-json\/wp\/v2\/users\/2"}],"replies":[{"embeddable":true,"href":"https:\/\/www.europesays.com\/fr\/wp-json\/wp\/v2\/comments?post=371251"}],"version-history":[{"count":0,"href":"https:\/\/www.europesays.com\/fr\/wp-json\/wp\/v2\/posts\/371251\/revisions"}],"wp:featuredmedia":[{"embeddable":true,"href":"https:\/\/www.europesays.com\/fr\/wp-json\/wp\/v2\/media\/371252"}],"wp:attachment":[{"href":"https:\/\/www.europesays.com\/fr\/wp-json\/wp\/v2\/media?parent=371251"}],"wp:term":[{"taxonomy":"category","embeddable":true,"href":"https:\/\/www.europesays.com\/fr\/wp-json\/wp\/v2\/categories?post=371251"},{"taxonomy":"post_tag","embeddable":true,"href":"https:\/\/www.europesays.com\/fr\/wp-json\/wp\/v2\/tags?post=371251"}],"curies":[{"name":"wp","href":"https:\/\/api.w.org\/{rel}","templated":true}]}}