{"id":371253,"date":"2025-09-06T18:49:11","date_gmt":"2025-09-06T18:49:11","guid":{"rendered":"https:\/\/www.europesays.com\/fr\/371253\/"},"modified":"2025-09-06T18:49:11","modified_gmt":"2025-09-06T18:49:11","slug":"qui-etait-renee-peillon-cette-resistante-morte-pour-la-liberte","status":"publish","type":"post","link":"https:\/\/www.europesays.com\/fr\/371253\/","title":{"rendered":"qui \u00e9tait Ren\u00e9e Peillon, cette r\u00e9sistante morte pour la libert\u00e9\u00a0?"},"content":{"rendered":"<p>N\u00e9e \u00e0 Izieux en 1921, Ren\u00e9e Peillon n\u2019a pas 20 ans au moment de la d\u00e9faite de la France. Institutrice depuis 1938, elle exerce \u00e0 Izieux et au Sardon avant d\u2019\u00eatre affect\u00e9e \u00e0 La Grand-Croix. D\u00e8s 1940, elle refuse la soumission, comme toute sa famille d\u2019ailleurs, \u00e0 l\u2019instar de son p\u00e8re, Marcel Peillon, ancien combattant de 14-18, mais aussi sa s\u0153ur Denise.<\/p>\n<p>Elle rejoint le groupe 93, cr\u00e9\u00e9e par Violette Maurice, rencontr\u00e9e alors que Ren\u00e9e pr\u00e9parait son bac de philosophie au lyc\u00e9e de Saint-\u00c9tienne. Commencent ainsi la diffusion de tracts et de journaux clandestins et le collage d\u2019affiches, notamment sur le portail de la Compagnie des forges et aci\u00e9ries de la Marine.<\/p>\n<p>Des messages cach\u00e9s dans le cadre de son v\u00e9lo<\/p>\n<p>Gr\u00e2ce \u00e0 des contacts avec les organisations de Lyon, elle procure de fausses cartes d\u2019identit\u00e9 et d\u2019alimentation dans la r\u00e9gion de Saint-Chamond ainsi qu\u2019\u00e0 Usson-en-Forez, o\u00f9 sa famille a une maison.<\/p>\n<p>Puis la jeune r\u00e9sistante int\u00e8gre le r\u00e9seau de renseignements Alibi en 1942. Pour cela,&#8230;<\/p>\n","protected":false},"excerpt":{"rendered":"N\u00e9e \u00e0 Izieux en 1921, Ren\u00e9e Peillon n\u2019a pas 20 ans au moment de la d\u00e9faite de la&hellip;\n","protected":false},"author":2,"featured_media":371254,"comment_status":"","ping_status":"","sticky":false,"template":"","format":"standard","meta":{"footnotes":""},"categories":[9653],"tags":[1111,11,2430,3206,7539,1777,674,1011,27,12,25,9669,9670,4001,104],"class_list":{"0":"post-371253","1":"post","2":"type-post","3":"status-publish","4":"format-standard","5":"has-post-thumbnail","7":"category-saint-etienne","8":"tag-actu","9":"tag-actualites","10":"tag-auvergne-rhone-alpes","11":"tag-defense-guerre-conflit","12":"tag-edition-loire-sud","13":"tag-eu","14":"tag-europe","15":"tag-fr","16":"tag-france","17":"tag-news","18":"tag-republique-francaise","19":"tag-saint-chamond","20":"tag-saint-chamond-ville","21":"tag-saint-etienne","22":"tag-societe"},"share_on_mastodon":{"url":"https:\/\/pubeurope.com\/@fr\/115158854153338120","error":""},"_links":{"self":[{"href":"https:\/\/www.europesays.com\/fr\/wp-json\/wp\/v2\/posts\/371253","targetHints":{"allow":["GET"]}}],"collection":[{"href":"https:\/\/www.europesays.com\/fr\/wp-json\/wp\/v2\/posts"}],"about":[{"href":"https:\/\/www.europesays.com\/fr\/wp-json\/wp\/v2\/types\/post"}],"author":[{"embeddable":true,"href":"https:\/\/www.europesays.com\/fr\/wp-json\/wp\/v2\/users\/2"}],"replies":[{"embeddable":true,"href":"https:\/\/www.europesays.com\/fr\/wp-json\/wp\/v2\/comments?post=371253"}],"version-history":[{"count":0,"href":"https:\/\/www.europesays.com\/fr\/wp-json\/wp\/v2\/posts\/371253\/revisions"}],"wp:featuredmedia":[{"embeddable":true,"href":"https:\/\/www.europesays.com\/fr\/wp-json\/wp\/v2\/media\/371254"}],"wp:attachment":[{"href":"https:\/\/www.europesays.com\/fr\/wp-json\/wp\/v2\/media?parent=371253"}],"wp:term":[{"taxonomy":"category","embeddable":true,"href":"https:\/\/www.europesays.com\/fr\/wp-json\/wp\/v2\/categories?post=371253"},{"taxonomy":"post_tag","embeddable":true,"href":"https:\/\/www.europesays.com\/fr\/wp-json\/wp\/v2\/tags?post=371253"}],"curies":[{"name":"wp","href":"https:\/\/api.w.org\/{rel}","templated":true}]}}