{"id":371255,"date":"2025-09-06T18:50:31","date_gmt":"2025-09-06T18:50:31","guid":{"rendered":"https:\/\/www.europesays.com\/fr\/371255\/"},"modified":"2025-09-06T18:50:31","modified_gmt":"2025-09-06T18:50:31","slug":"saint-etienne-week-end-de-la-vie-associative-260-associations-presentes","status":"publish","type":"post","link":"https:\/\/www.europesays.com\/fr\/371255\/","title":{"rendered":"Saint-\u00c9tienne. Week-end de la vie associative\u00a0: 260 associations pr\u00e9sentes"},"content":{"rendered":"<p>Au parc des expositions ce week-end, les exposants de la section \u00ab\u00a0Sports, sant\u00e9 et bien-\u00eatre\u00a0\u00bb se trouvent hall A. \u00c0 gauche de l\u2019entr\u00e9e, sont r\u00e9unies dans le hall B les associations r\u00e9parties dans les espaces \u00ab\u00a0Culture et cultures du monde\u00a0\u00bb et \u00ab\u00a0Citoyennet\u00e9, solidarit\u00e9 et d\u00e9veloppement durable\u00a0\u00bb. La cour int\u00e9rieure, \u00e0 ciel ouvert, abrite des structures pour enfants, et plusieurs food trucks assurent une restauration sur place.<\/p>\n<p>Environ 260 associations sont pr\u00e9sentes r\u00e9parties sur 21\u00a0000 m2. Cet \u00e9v\u00e8nement est l\u2019occasion pour les visiteurs d\u2019\u00e9changer avec les associations. Ce week-end d\u00e9di\u00e9 \u00e0 la vie&#8230;<\/p>\n","protected":false},"excerpt":{"rendered":"Au parc des expositions ce week-end, les exposants de la section \u00ab\u00a0Sports, sant\u00e9 et bien-\u00eatre\u00a0\u00bb se trouvent hall&hellip;\n","protected":false},"author":2,"featured_media":371256,"comment_status":"","ping_status":"","sticky":false,"template":"","format":"standard","meta":{"footnotes":""},"categories":[9653],"tags":[1111,11,2430,7539,1777,674,1011,27,12,25,4001,7538,104,1631],"class_list":{"0":"post-371255","1":"post","2":"type-post","3":"status-publish","4":"format-standard","5":"has-post-thumbnail","7":"category-saint-etienne","8":"tag-actu","9":"tag-actualites","10":"tag-auvergne-rhone-alpes","11":"tag-edition-loire-sud","12":"tag-eu","13":"tag-europe","14":"tag-fr","15":"tag-france","16":"tag-news","17":"tag-republique-francaise","18":"tag-saint-etienne","19":"tag-saint-etienne-ville","20":"tag-societe","21":"tag-vie-associative"},"share_on_mastodon":{"url":"https:\/\/pubeurope.com\/@fr\/115158858078670191","error":""},"_links":{"self":[{"href":"https:\/\/www.europesays.com\/fr\/wp-json\/wp\/v2\/posts\/371255","targetHints":{"allow":["GET"]}}],"collection":[{"href":"https:\/\/www.europesays.com\/fr\/wp-json\/wp\/v2\/posts"}],"about":[{"href":"https:\/\/www.europesays.com\/fr\/wp-json\/wp\/v2\/types\/post"}],"author":[{"embeddable":true,"href":"https:\/\/www.europesays.com\/fr\/wp-json\/wp\/v2\/users\/2"}],"replies":[{"embeddable":true,"href":"https:\/\/www.europesays.com\/fr\/wp-json\/wp\/v2\/comments?post=371255"}],"version-history":[{"count":0,"href":"https:\/\/www.europesays.com\/fr\/wp-json\/wp\/v2\/posts\/371255\/revisions"}],"wp:featuredmedia":[{"embeddable":true,"href":"https:\/\/www.europesays.com\/fr\/wp-json\/wp\/v2\/media\/371256"}],"wp:attachment":[{"href":"https:\/\/www.europesays.com\/fr\/wp-json\/wp\/v2\/media?parent=371255"}],"wp:term":[{"taxonomy":"category","embeddable":true,"href":"https:\/\/www.europesays.com\/fr\/wp-json\/wp\/v2\/categories?post=371255"},{"taxonomy":"post_tag","embeddable":true,"href":"https:\/\/www.europesays.com\/fr\/wp-json\/wp\/v2\/tags?post=371255"}],"curies":[{"name":"wp","href":"https:\/\/api.w.org\/{rel}","templated":true}]}}