{"id":371257,"date":"2025-09-06T18:51:35","date_gmt":"2025-09-06T18:51:35","guid":{"rendered":"https:\/\/www.europesays.com\/fr\/371257\/"},"modified":"2025-09-06T18:51:35","modified_gmt":"2025-09-06T18:51:35","slug":"cerville-la-commune-felicite-ses-nouveaux-collegiens","status":"publish","type":"post","link":"https:\/\/www.europesays.com\/fr\/371257\/","title":{"rendered":"Cerville. La commune f\u00e9licite ses nouveaux coll\u00e9giens"},"content":{"rendered":"<p>Mercredi, la mairie accueillait les nouveaux coll\u00e9giens de la commune pour leur offrir un \u00ab bon culture \u00bb d\u2019une valeur de 40\u00a0\u20ac. Adrien, Ayaz, Camille, Martin et Victor ont \u00e9voqu\u00e9 leurs premiers jours de coll\u00e8ge et d\u00e9voil\u00e9 leurs projets d\u2019avenir. Dans quelques ann\u00e9es Cerville devrait voir \u00e9merger des footballeurs, un financier et une kin\u00e9. Gis\u00e8le Fromaget, maire de Cerville, a remis \u00e0 chacun le coup de pouce culturel en lui souhaitant l\u2019accomplissement de son r\u00eave.<\/p>\n","protected":false},"excerpt":{"rendered":"Mercredi, la mairie accueillait les nouveaux coll\u00e9giens de la commune pour leur offrir un \u00ab bon culture \u00bb&hellip;\n","protected":false},"author":2,"featured_media":371258,"comment_status":"","ping_status":"","sticky":false,"template":"","format":"standard","meta":{"footnotes":""},"categories":[9635],"tags":[1111,11,12080,23783,3599,1704,1057,1777,674,1011,27,775,1702,12,25],"class_list":{"0":"post-371257","1":"post","2":"type-post","3":"status-publish","4":"format-standard","5":"has-post-thumbnail","7":"category-nancy","8":"tag-actu","9":"tag-actualites","10":"tag-cc-de-seille-et-grand-couronne-54b","11":"tag-cerville","12":"tag-college-lycee","13":"tag-edition-nancy-et-agglomeration","14":"tag-education","15":"tag-eu","16":"tag-europe","17":"tag-fr","18":"tag-france","19":"tag-grand-est","20":"tag-nancy","21":"tag-news","22":"tag-republique-francaise"},"share_on_mastodon":{"url":"https:\/\/pubeurope.com\/@fr\/115158862349825135","error":""},"_links":{"self":[{"href":"https:\/\/www.europesays.com\/fr\/wp-json\/wp\/v2\/posts\/371257","targetHints":{"allow":["GET"]}}],"collection":[{"href":"https:\/\/www.europesays.com\/fr\/wp-json\/wp\/v2\/posts"}],"about":[{"href":"https:\/\/www.europesays.com\/fr\/wp-json\/wp\/v2\/types\/post"}],"author":[{"embeddable":true,"href":"https:\/\/www.europesays.com\/fr\/wp-json\/wp\/v2\/users\/2"}],"replies":[{"embeddable":true,"href":"https:\/\/www.europesays.com\/fr\/wp-json\/wp\/v2\/comments?post=371257"}],"version-history":[{"count":0,"href":"https:\/\/www.europesays.com\/fr\/wp-json\/wp\/v2\/posts\/371257\/revisions"}],"wp:featuredmedia":[{"embeddable":true,"href":"https:\/\/www.europesays.com\/fr\/wp-json\/wp\/v2\/media\/371258"}],"wp:attachment":[{"href":"https:\/\/www.europesays.com\/fr\/wp-json\/wp\/v2\/media?parent=371257"}],"wp:term":[{"taxonomy":"category","embeddable":true,"href":"https:\/\/www.europesays.com\/fr\/wp-json\/wp\/v2\/categories?post=371257"},{"taxonomy":"post_tag","embeddable":true,"href":"https:\/\/www.europesays.com\/fr\/wp-json\/wp\/v2\/tags?post=371257"}],"curies":[{"name":"wp","href":"https:\/\/api.w.org\/{rel}","templated":true}]}}