{"id":371261,"date":"2025-09-06T18:53:12","date_gmt":"2025-09-06T18:53:12","guid":{"rendered":"https:\/\/www.europesays.com\/fr\/371261\/"},"modified":"2025-09-06T18:53:12","modified_gmt":"2025-09-06T18:53:12","slug":"nimes-olympique-simpose-a-toulon-et-confirme-son-bon-debut-de-saison-0-1","status":"publish","type":"post","link":"https:\/\/www.europesays.com\/fr\/371261\/","title":{"rendered":"N\u00eemes Olympique s\u2019impose \u00e0 Toulon et confirme son bon d\u00e9but de saison (0-1)"},"content":{"rendered":"<p>Le N\u00eemes Olympique a sign\u00e9 une victoire de prestige ce samedi sur la pelouse du Sporting Toulon (0-1) lors de la 4e journ\u00e9e de National 2. Longtemps malmen\u00e9s, les Crocos ont tenu gr\u00e2ce \u00e0 un Micka\u00ebl Salamone imp\u00e9rial dans les buts, avant de faire la diff\u00e9rence en fin de rencontre par Jean-Philippe C\u00e9lestin.<\/p>\n<p><strong>Un premier acte sous pression<\/strong><\/p>\n<p>D\u00e8s l\u2019entame, Toulon s\u2019installe dans le camp n\u00eemois. Diarra se procure une premi\u00e8re opportunit\u00e9, puis Bennekrouf fait passer des frissons dans les tribunes avec une frappe puissante bien repouss\u00e9e par Salamone (35e). Le gardien n\u00eemois Mickael Salamone encha\u00eene les arr\u00eats d\u00e9cisifs face aux vagues varoises, tenant son \u00e9quipe \u00e0 bout de bras. N\u00eemes souffre, peine \u00e0 exister offensivement, mais atteint la pause sur un score nul et vierge (0-0).<\/p>\n<p><strong>La solidarit\u00e9 d\u00e9fensive avant le coup de gr\u00e2ce<\/strong><\/p>\n<p>Le sc\u00e9nario se r\u00e9p\u00e8te apr\u00e8s la pause : Toulon domine, Salamone multiplie les parades et les Crocos traversent un temps faible. \u00c0 l\u2019heure de jeu, Khasa, en difficult\u00e9, est remplac\u00e9 par Kubota (70e). Puis vient le tournant : \u00e0 la 82e minute, un d\u00e9fenseur toulonnais est expuls\u00e9 pour une faute en position de dernier d\u00e9fenseur sur Kubota.<\/p>\n<p>\t\t\t\t\t<a href=\"\" title=\"\"><br \/>\n\t\t\t\t\t\t<img loading=\"lazy\" decoding=\"async\" alt=\"\" width=\"728\" height=\"91\" src=\"https:\/\/www.europesays.com\/fr\/wp-content\/uploads\/2025\/08\/IMG_9394.jpg\" class=\"lazyload\" data-eio-rwidth=\"1920\" data-eio-rheight=\"366\"\/><br \/>\n\t\t\t\t\t<\/a><\/p>\n<p>N\u00eemes profite imm\u00e9diatement de cet avantage num\u00e9rique. Sur un coup franc bien frapp\u00e9 par Orinel, Pires place une t\u00eate repouss\u00e9e par le gardien, mais Jean-Philippe C\u00e9lestin a bien suivi et ouvre le score (85e, 0-1).<\/p>\n<p><strong>La fin de match sous tension<\/strong><\/p>\n<p>Toulon pousse encore, mais la maladresse et un Salamone infranchissable scellent le sort du match. Dans le temps additionnel, des incidents \u00e9clatent en tribunes.<\/p>\n<p><strong>Des incidents en tribune<\/strong><\/p>\n<p>Les supporters n\u00eemois, et notamment le groupe des Nemausus, ont \u00e9t\u00e9 \u00e9vacu\u00e9s de leur tribune \u00e0 quinze minutes de la fin du match. Pris \u00e0 partie \u00e0 l\u2019ext\u00e9rieur du stade par des ultras toulonnais, ils ont d\u00fb \u00eatre prot\u00e9g\u00e9s par l\u2019\u00e9quipe de s\u00e9curit\u00e9 pr\u00e9sente sur place, intervenue rapidement pour \u00e9viter que la situation ne d\u00e9g\u00e9n\u00e8re.<\/p>\n<p><strong>Une victoire de caract\u00e8re<\/strong><\/p>\n<p>Au terme d\u2019un match tr\u00e8s engag\u00e9, les Crocos repartent avec trois points pr\u00e9cieux, acquis dans la douleur mais avec une solidarit\u00e9 exemplaire. Salamone, auteur d\u2019une prestation XXL, et C\u00e9lestin, buteur d\u00e9cisif, offrent \u00e0 N\u00eemes un deuxi\u00e8me succ\u00e8s cons\u00e9cutif qui confirme le bon d\u00e9but de saison des Gardois.<\/p>\n","protected":false},"excerpt":{"rendered":"Le N\u00eemes Olympique a sign\u00e9 une victoire de prestige ce samedi sur la pelouse du Sporting Toulon (0-1)&hellip;\n","protected":false},"author":2,"featured_media":371262,"comment_status":"","ping_status":"","sticky":false,"template":"","format":"standard","meta":{"footnotes":""},"categories":[9619],"tags":[1111,11,1777,674,1011,27,12,882,25,2310],"class_list":{"0":"post-371261","1":"post","2":"type-post","3":"status-publish","4":"format-standard","5":"has-post-thumbnail","7":"category-toulon","8":"tag-actu","9":"tag-actualites","10":"tag-eu","11":"tag-europe","12":"tag-fr","13":"tag-france","14":"tag-news","15":"tag-provence-alpes-cote-dazur","16":"tag-republique-francaise","17":"tag-toulon"},"share_on_mastodon":{"url":"https:\/\/pubeurope.com\/@fr\/115158869967744738","error":""},"_links":{"self":[{"href":"https:\/\/www.europesays.com\/fr\/wp-json\/wp\/v2\/posts\/371261","targetHints":{"allow":["GET"]}}],"collection":[{"href":"https:\/\/www.europesays.com\/fr\/wp-json\/wp\/v2\/posts"}],"about":[{"href":"https:\/\/www.europesays.com\/fr\/wp-json\/wp\/v2\/types\/post"}],"author":[{"embeddable":true,"href":"https:\/\/www.europesays.com\/fr\/wp-json\/wp\/v2\/users\/2"}],"replies":[{"embeddable":true,"href":"https:\/\/www.europesays.com\/fr\/wp-json\/wp\/v2\/comments?post=371261"}],"version-history":[{"count":0,"href":"https:\/\/www.europesays.com\/fr\/wp-json\/wp\/v2\/posts\/371261\/revisions"}],"wp:featuredmedia":[{"embeddable":true,"href":"https:\/\/www.europesays.com\/fr\/wp-json\/wp\/v2\/media\/371262"}],"wp:attachment":[{"href":"https:\/\/www.europesays.com\/fr\/wp-json\/wp\/v2\/media?parent=371261"}],"wp:term":[{"taxonomy":"category","embeddable":true,"href":"https:\/\/www.europesays.com\/fr\/wp-json\/wp\/v2\/categories?post=371261"},{"taxonomy":"post_tag","embeddable":true,"href":"https:\/\/www.europesays.com\/fr\/wp-json\/wp\/v2\/tags?post=371261"}],"curies":[{"name":"wp","href":"https:\/\/api.w.org\/{rel}","templated":true}]}}