{"id":371263,"date":"2025-09-06T18:54:16","date_gmt":"2025-09-06T18:54:16","guid":{"rendered":"https:\/\/www.europesays.com\/fr\/371263\/"},"modified":"2025-09-06T18:54:16","modified_gmt":"2025-09-06T18:54:16","slug":"a-toulon-dans-un-climat-detestable-sur-le-terrain-les-crocodiles-ont-ete-grands-et-vainqueurs-1-0","status":"publish","type":"post","link":"https:\/\/www.europesays.com\/fr\/371263\/","title":{"rendered":"A Toulon, dans un climat d\u00e9testable sur le terrain, les Crocodiles ont \u00e9t\u00e9 grands et vainqueurs (1-0)"},"content":{"rendered":"<p>\n                                                                Pour le compte de la 4e journ\u00e9e de National 2, ce samedi 6\u00a0septembre, les Crocos se sont impos\u00e9s en terre hostile varoise. Domin\u00e9s, ils ont pli\u00e9 mais n\u2019ont pas rompu, et ont marqu\u00e9 en fin de partie par C\u00e9lestin (83e).\n                            <\/p>\n<p>Une victoire fondatrice. Une grande victoire. \u00c0 coup s\u00fbr, cette victoire comptera pour ces nouveaux Crocodiles, qui auraient pu d\u00e9goupiller, craquer, perdre le fil. Au contraire, ils ont pli\u00e9 mais n\u2019ont pas rompu, avant de faire la diff\u00e9rence en fin de partie.<\/p>\n<p>La premi\u00e8re p\u00e9riode a pourtant\u00a0\u00e9t\u00e9 rude pour des N\u00eemois\u00a0moins domin\u00e9s qu\u2019\u00e0 Rumilly, mais tout de m\u00eame bouscul\u00e9s. \u00c0 tous les sens du terme\u00a0: traitement de faveur sur les meilleurs buteur et passeur n\u00eemois, Depres et Orinel, des duels, des fautes\u2026<\/p>\n<p>Le pied ferme de Salamone sauve les Crocos<\/p>\n<p>Si la ma\u00eetrise du ballon semblait gardoise, les occasions \u00e9taient varoises. Surtout avant la mi-temps, quand Salamone se muait en sauveur face \u00e0 Diarra (35e) et deux fois devant Bennekrouf (38e et 41e), pied ferme.<\/p>\n<p>NO avait du mal \u00e0 tenir le ballon, \u00e0 la fois devant et dans l\u2019entrejeu. On sentait qu\u2019il y avait des possibilit\u00e9s, pourtant, comme sur ce corner rentrant d\u2019Orinel repouss\u00e9 par Dilo sur Pires, dont la reprise de vol\u00e9e fr\u00f4lait le cadre (24e).<\/p>\n<p>Derri\u00e8re, les Crocodiles n\u2019\u00e9taient pas sereins, mais ils gardaient un peu de calme pour contenir l\u2019agressivit\u00e9 souvent mal plac\u00e9e des Toulonnais. Et rentraient aux vestiaires \u00e0 0-0, en ayant fait le dos rond.<\/p>\n<p>Du mieux en seconde p\u00e9riode<\/p>\n<p>Ils parvenaient \u00e0 desserrer l\u2019\u00e9treinte \u00e0 la reprise, Depres (46e) et Khasa (58e) s\u2019essayant, en vain. Le coup franc d\u2019Orinel atterrissait sur le bras du capitaine varois Ouasfane (56e) dans la surface, sans que l\u2019arbitre\u00a0Tawbane Kani ne bronche.<\/p>\n<p>Salamone encore d\u00e9cisif<\/p>\n<p>Mais le Sporting remettait un coup de pression et r\u00e9investissait le camp languedocien. Et se cr\u00e9ait une \u00e9norme opportunit\u00e9 par l\u2019ancien Croco Beneddine, lat\u00e9ral gauche toujours tr\u00e8s offensif, dont la frappe faisait s\u2019envoler l\u2019invincible Salamone (79e).<\/p>\n<p>Expulsion toulonnaise, but n\u00eemois<\/p>\n<p>C\u2019\u00e9tait l\u2019un des tournants du match. L\u2019autre \u00e9tait l\u2019expulsion du Toulonnais Belkhechine, fautif en position de dernier d\u00e9fenseur sur l\u2019entrant Kubota (82e).<\/p>\n<p>Sur le coup franc qui suivait, Orinel d\u00e9posait le ballon sur la t\u00eate de Pires, une bonne habitude\u2026 cette fois, Dilo repoussait mais C\u00e9lestin reprenait victorieusement (0-1, 83e). Oui, les Crocos ont \u00e9t\u00e9 grands. Et ils sont deuxi\u00e8mes au classement.<\/p>\n","protected":false},"excerpt":{"rendered":"Pour le compte de la 4e journ\u00e9e de National 2, ce samedi 6\u00a0septembre, les Crocos se sont impos\u00e9s&hellip;\n","protected":false},"author":2,"featured_media":371264,"comment_status":"","ping_status":"","sticky":false,"template":"","format":"standard","meta":{"footnotes":""},"categories":[9619],"tags":[1111,11,1777,674,1011,27,12,882,25,2310],"class_list":{"0":"post-371263","1":"post","2":"type-post","3":"status-publish","4":"format-standard","5":"has-post-thumbnail","7":"category-toulon","8":"tag-actu","9":"tag-actualites","10":"tag-eu","11":"tag-europe","12":"tag-fr","13":"tag-france","14":"tag-news","15":"tag-provence-alpes-cote-dazur","16":"tag-republique-francaise","17":"tag-toulon"},"share_on_mastodon":{"url":"https:\/\/pubeurope.com\/@fr\/115158873887771369","error":""},"_links":{"self":[{"href":"https:\/\/www.europesays.com\/fr\/wp-json\/wp\/v2\/posts\/371263","targetHints":{"allow":["GET"]}}],"collection":[{"href":"https:\/\/www.europesays.com\/fr\/wp-json\/wp\/v2\/posts"}],"about":[{"href":"https:\/\/www.europesays.com\/fr\/wp-json\/wp\/v2\/types\/post"}],"author":[{"embeddable":true,"href":"https:\/\/www.europesays.com\/fr\/wp-json\/wp\/v2\/users\/2"}],"replies":[{"embeddable":true,"href":"https:\/\/www.europesays.com\/fr\/wp-json\/wp\/v2\/comments?post=371263"}],"version-history":[{"count":0,"href":"https:\/\/www.europesays.com\/fr\/wp-json\/wp\/v2\/posts\/371263\/revisions"}],"wp:featuredmedia":[{"embeddable":true,"href":"https:\/\/www.europesays.com\/fr\/wp-json\/wp\/v2\/media\/371264"}],"wp:attachment":[{"href":"https:\/\/www.europesays.com\/fr\/wp-json\/wp\/v2\/media?parent=371263"}],"wp:term":[{"taxonomy":"category","embeddable":true,"href":"https:\/\/www.europesays.com\/fr\/wp-json\/wp\/v2\/categories?post=371263"},{"taxonomy":"post_tag","embeddable":true,"href":"https:\/\/www.europesays.com\/fr\/wp-json\/wp\/v2\/tags?post=371263"}],"curies":[{"name":"wp","href":"https:\/\/api.w.org\/{rel}","templated":true}]}}