{"id":371267,"date":"2025-09-06T18:56:17","date_gmt":"2025-09-06T18:56:17","guid":{"rendered":"https:\/\/www.europesays.com\/fr\/371267\/"},"modified":"2025-09-06T18:56:17","modified_gmt":"2025-09-06T18:56:17","slug":"le-dmh-dans-le-grand-bain-a-montpellier","status":"publish","type":"post","link":"https:\/\/www.europesays.com\/fr\/371267\/","title":{"rendered":"Le DMH dans le grand bain \u00e0 Montpellier"},"content":{"rendered":"<p>C\u2019est le grand jour. Ce dimanche (17 heures), le DMH lance sa saison \u00e0 Montpellier. Un des cadors du championnat. <\/p>\n<p>\u00ab\u00a0Les gars sont conscients que \u00e7a ne va pas \u00eatre facile, qu\u2019on est dans une autre division et qu\u2019on ne commence pas par l\u2019adversaire le plus facile\u00a0\u00bb, annonce Mehdi Ighirri, avant son premier match sur un banc de Starligue. \u00ab\u00a0On joue le top du top, avec aussi Nantes et Paris dans les cinq premi\u00e8res journ\u00e9es. Et entretemps Aix et Tremblay, pas non plus des matches faciles. On sait tr\u00e8s bien qu\u2019il y a deux championnats, qu\u2019on ne va pas gagner autant de matches que l\u2019ann\u00e9e derni\u00e8re et que l\u2019objectif sera de mettre deux clubs derri\u00e8re nous. Mais on doit prendre confiance sur ce mois de septembre pour aller chercher les points&#8230;<\/p>\n","protected":false},"excerpt":{"rendered":"C\u2019est le grand jour. Ce dimanche (17 heures), le DMH lance sa saison \u00e0 Montpellier. Un des cadors&hellip;\n","protected":false},"author":2,"featured_media":371268,"comment_status":"","ping_status":"","sticky":false,"template":"","format":"standard","meta":{"footnotes":""},"categories":[9599],"tags":[1111,11,2930,8587,24712,8588,1777,674,1011,27,1792,1686,2208,12,2680,25,517],"class_list":{"0":"post-371267","1":"post","2":"type-post","3":"status-publish","4":"format-standard","5":"has-post-thumbnail","7":"category-montpellier","8":"tag-actu","9":"tag-actualites","10":"tag-dijon","11":"tag-dijon-ville","12":"tag-dmh-dijon-metropole-handball","13":"tag-edition-dijon-et-son-agglomeration","14":"tag-eu","15":"tag-europe","16":"tag-fr","17":"tag-france","18":"tag-handball","19":"tag-import-print","20":"tag-montpellier","21":"tag-news","22":"tag-occitanie","23":"tag-republique-francaise","24":"tag-sport"},"share_on_mastodon":{"url":"https:\/\/pubeurope.com\/@fr\/115158881732699898","error":""},"_links":{"self":[{"href":"https:\/\/www.europesays.com\/fr\/wp-json\/wp\/v2\/posts\/371267","targetHints":{"allow":["GET"]}}],"collection":[{"href":"https:\/\/www.europesays.com\/fr\/wp-json\/wp\/v2\/posts"}],"about":[{"href":"https:\/\/www.europesays.com\/fr\/wp-json\/wp\/v2\/types\/post"}],"author":[{"embeddable":true,"href":"https:\/\/www.europesays.com\/fr\/wp-json\/wp\/v2\/users\/2"}],"replies":[{"embeddable":true,"href":"https:\/\/www.europesays.com\/fr\/wp-json\/wp\/v2\/comments?post=371267"}],"version-history":[{"count":0,"href":"https:\/\/www.europesays.com\/fr\/wp-json\/wp\/v2\/posts\/371267\/revisions"}],"wp:featuredmedia":[{"embeddable":true,"href":"https:\/\/www.europesays.com\/fr\/wp-json\/wp\/v2\/media\/371268"}],"wp:attachment":[{"href":"https:\/\/www.europesays.com\/fr\/wp-json\/wp\/v2\/media?parent=371267"}],"wp:term":[{"taxonomy":"category","embeddable":true,"href":"https:\/\/www.europesays.com\/fr\/wp-json\/wp\/v2\/categories?post=371267"},{"taxonomy":"post_tag","embeddable":true,"href":"https:\/\/www.europesays.com\/fr\/wp-json\/wp\/v2\/tags?post=371267"}],"curies":[{"name":"wp","href":"https:\/\/api.w.org\/{rel}","templated":true}]}}