{"id":371269,"date":"2025-09-06T18:57:10","date_gmt":"2025-09-06T18:57:10","guid":{"rendered":"https:\/\/www.europesays.com\/fr\/371269\/"},"modified":"2025-09-06T18:57:10","modified_gmt":"2025-09-06T18:57:10","slug":"quatre-blesses-dont-un-grave-apres-une-course-poursuite-qui-sest-terminee-en-accident-spectaculaire-dans-les-rues-de-rouen","status":"publish","type":"post","link":"https:\/\/www.europesays.com\/fr\/371269\/","title":{"rendered":"Quatre bless\u00e9s dont un grave apr\u00e8s une course-poursuite qui s\u2019est termin\u00e9e en accident spectaculaire dans les rues de Rouen"},"content":{"rendered":"<p class=\"paragraph text_align_left lp-f-body-02\">Une course-poursuite spectaculaire a eu lieu sur les quais du Havre dans <a href=\"https:\/\/www.leparisien.fr\/seine-maritime-76\/\" target=\"_blank\" rel=\"nofollow noopener\">la ville de Rouen (Seine-Maritime)<\/a>. Dans la nuit de vendredi \u00e0 samedi vers 3h30 du matin, une course-poursuite s\u2019est d\u00e9roul\u00e9e sur les quais du Havre, dans le c\u0153ur de la capitale normande impliquant une \u00ab Golf de couleur sombre \u00bb et les forces de l\u2019ordre selon le site <a href=\"https:\/\/www.facebook.com\/Rouenlemag\/posts\/pfbid0YBpRxNqkgF7vJgSGeRwpBxe9u6tbg86WvensLcGCpXEz1dtZqkDo2cdFVMLVZz2Hl\/\" target=\"_self\" rel=\"nofollow noopener\">Rouen Le Mag<\/a>. Le v\u00e9hicule, lanc\u00e9 \u00e0 tr\u00e8s vive allure, \u00e9tait poursuivi par la police nationale, sans qu\u2019on connaisse les raisons de cette prise en chasse par les forces de l\u2019ordre.<\/p>\n<blockquote class=\"twitter-tweet\">\n<p lang=\"fr\" dir=\"ltr\">Un accident tr\u00e8s violent cette nuit \u00e0 Rouen sur le quai de la Bourse lors d&rsquo;une course poursuite avec la police. Il y a eu quatre bless\u00e9s dont un grave. <a href=\"https:\/\/t.co\/rlvMMvM9TL\" rel=\"nofollow\">pic.twitter.com\/rlvMMvM9TL<\/a><\/p>\n<p>\u2014 ICI Normandie (Seine-Maritime &#8211; Eure) (@ici_hnormandie) <a href=\"https:\/\/twitter.com\/ici_hnormandie\/status\/1964374652119372228?ref_src=twsrc%5Etfw\" rel=\"nofollow noopener\" target=\"_blank\">September 6, 2025<\/a><\/p><\/blockquote>\n<p class=\"paragraph text_align_left lp-f-body-02\">Selon un t\u00e9moin \u00e9voqu\u00e9 par le m\u00e9dia rouennais, la sc\u00e8ne s\u2019est termin\u00e9e quelques instants plus tard par un grave accident avec un autre v\u00e9hicule en circulation. Une vid\u00e9o publi\u00e9e par le m\u00e9dia <a href=\"https:\/\/www.francebleu.fr\/infos\/faits-divers-justice\/video-un-accident-spectaculaire-dans-les-rues-de-rouen-lors-d-une-course-poursuite-avec-la-police-4044587\" target=\"_self\" rel=\"nofollow noopener\">Ici <\/a>montre ce samedi la violence du choc.<\/p>\n<p>Enqu\u00eate en cours<\/p>\n<p class=\"paragraph text_align_left lp-f-body-02\">Apr\u00e8s s\u2019\u00eatre encastr\u00e9e dans le v\u00e9hicule et un poteau, la voiture prise en chasse a rapidement pris feu. Des unit\u00e9s de la BAC, du Smur ainsi que des secours ont \u00e9t\u00e9 d\u00e9p\u00each\u00e9s sur place rapidement. Le conducteur, bless\u00e9, a \u00e9t\u00e9 pris en charge par les secours, alors qu\u2019il s\u2019est retrouv\u00e9 pi\u00e9g\u00e9 dans la carcasse de son v\u00e9hicule.<\/p>\n<p class=\"paragraph text_align_left lp-f-body-02\">25 pompiers sur place ont \u00e9teint le brasier, s\u00e9curis\u00e9 les lieux afin d\u2019\u00e9viter la propagation de l\u2019incendie et port\u00e9 secours aux quatre hommes bless\u00e9s au total. Les occupants de la voiture en feu, deux hommes de 20 et 25 ans, dont l\u2019un est gri\u00e8vement bless\u00e9, \u00e9taient d\u00e9j\u00e0 sortis avant l\u2019arriv\u00e9e des secours. Il a fallu d\u00e9sincarc\u00e9rer le conducteur, \u00e2g\u00e9 de 36 ans, du second v\u00e9hicule. Quant au passager, un homme de 27 ans, il a \u00e9t\u00e9 l\u00e9g\u00e8rement bless\u00e9.<\/p>\n<p class=\"lp-card-podcast-highlighting__title  lp-f-subtitle-05\">[1\/6] Jubillar\u00a0: de la disparition au proc\u00e8s, une affaire sans corps ni aveux<\/p>\n<p class=\"lp-card-podcast-highlighting__description lp-f-ui-05\">Crime story raconte chaque semaine les grandes affaires criminelles.<\/p>\n<p><a class=\"lp-card-podcast-highlighting__call-to-action\" data-page-type=\"HP\" data-block-name=\"podcast-highlight\">\u00c9couter<\/a><\/p>\n<p class=\"paragraph text_align_left lp-f-body-02\">Toutes ont \u00e9t\u00e9 transport\u00e9es au CHU de Rouen. Une enqu\u00eate est en cours pour d\u00e9terminer les circonstances exactes de cette course-poursuite.<\/p>\n<p><script async src=\"https:\/\/platform.twitter.com\/widgets.js\" charset=\"utf-8\"><\/script><\/p>\n","protected":false},"excerpt":{"rendered":"Une course-poursuite spectaculaire a eu lieu sur les quais du Havre dans la ville de Rouen (Seine-Maritime). Dans&hellip;\n","protected":false},"author":2,"featured_media":371270,"comment_status":"","ping_status":"","sticky":false,"template":"","format":"standard","meta":{"footnotes":""},"categories":[9587],"tags":[1111,11,459,1777,674,118,1011,27,12,5161,25,9590],"class_list":{"0":"post-371269","1":"post","2":"type-post","3":"status-publish","4":"format-standard","5":"has-post-thumbnail","7":"category-rouen","8":"tag-actu","9":"tag-actualites","10":"tag-departements-horsidfo","11":"tag-eu","12":"tag-europe","13":"tag-faits-divers","14":"tag-fr","15":"tag-france","16":"tag-news","17":"tag-normandie","18":"tag-republique-francaise","19":"tag-rouen"},"share_on_mastodon":{"url":"https:\/\/pubeurope.com\/@fr\/115158885696982044","error":""},"_links":{"self":[{"href":"https:\/\/www.europesays.com\/fr\/wp-json\/wp\/v2\/posts\/371269","targetHints":{"allow":["GET"]}}],"collection":[{"href":"https:\/\/www.europesays.com\/fr\/wp-json\/wp\/v2\/posts"}],"about":[{"href":"https:\/\/www.europesays.com\/fr\/wp-json\/wp\/v2\/types\/post"}],"author":[{"embeddable":true,"href":"https:\/\/www.europesays.com\/fr\/wp-json\/wp\/v2\/users\/2"}],"replies":[{"embeddable":true,"href":"https:\/\/www.europesays.com\/fr\/wp-json\/wp\/v2\/comments?post=371269"}],"version-history":[{"count":0,"href":"https:\/\/www.europesays.com\/fr\/wp-json\/wp\/v2\/posts\/371269\/revisions"}],"wp:featuredmedia":[{"embeddable":true,"href":"https:\/\/www.europesays.com\/fr\/wp-json\/wp\/v2\/media\/371270"}],"wp:attachment":[{"href":"https:\/\/www.europesays.com\/fr\/wp-json\/wp\/v2\/media?parent=371269"}],"wp:term":[{"taxonomy":"category","embeddable":true,"href":"https:\/\/www.europesays.com\/fr\/wp-json\/wp\/v2\/categories?post=371269"},{"taxonomy":"post_tag","embeddable":true,"href":"https:\/\/www.europesays.com\/fr\/wp-json\/wp\/v2\/tags?post=371269"}],"curies":[{"name":"wp","href":"https:\/\/api.w.org\/{rel}","templated":true}]}}