{"id":371273,"date":"2025-09-06T19:01:54","date_gmt":"2025-09-06T19:01:54","guid":{"rendered":"https:\/\/www.europesays.com\/fr\/371273\/"},"modified":"2025-09-06T19:01:54","modified_gmt":"2025-09-06T19:01:54","slug":"quelles-perturbations-dans-les-departements-de-lisere-savoie-et-haute-savoie","status":"publish","type":"post","link":"https:\/\/www.europesays.com\/fr\/371273\/","title":{"rendered":"quelles perturbations dans les d\u00e9partements de l&rsquo;Is\u00e8re, Savoie et Haute-Savoie ?"},"content":{"rendered":"<p class=\"article__intro\">Plusieurs manifestations, barrages filtrants et autres rassemblements sont pr\u00e9vus, ce mercredi 10 septembre, \u00e0 l&rsquo;initiative du mouvement \u00ab\u00a0Bloquons tout\u00a0\u00bb et \u00ab\u00a0Indignons-nous\u00a0\u00bb. Voici \u00e0 quoi s&rsquo;attendre dans les d\u00e9partements de l&rsquo;Is\u00e8re, de la Savoie et de la Haute-Savoie.<\/p>\n<p>\n      L\u2019actu des r\u00e9gions\n    <\/p>\n<p>\n      Chaque jour, un tour d\u2019horizon des principales infos de toutes les r\u00e9gions.\n    <\/p>\n<p>    France T\u00e9l\u00e9visions utilise votre adresse e-mail afin de vous envoyer la newsletter \u00ab\u00a0L\u2019actu des r\u00e9gions\u00a0\u00bb. Vous pouvez vous d\u00e9sinscrire \u00e0 tout moment via le lien en bas de cette newsletter. <a target=\"_blank\" href=\"https:\/\/www.francetelevisions.fr\/groupe\/confidentialite\/politique-de-confidentialite\/politique-de-confidentialite-de-france-televisions-6503\" rel=\"nofollow noopener\">Notre politique de confidentialit\u00e9<\/a><\/p>\n<p>Le mouvement \u00ab\u00a0Bloquons tout\u00a0\u00bb arrive ce mercredi 10 septembre et pourrait g\u00e9n\u00e9rer de nombreuses perturbations. Depuis plusieurs jours, les modalit\u00e9s d&rsquo;actions se pr\u00e9cisent dans des canaux et messageries en ligne pour se mobiliser contre le projet de budget du gouvernement de Fran\u00e7ois Bayrou.<\/p>\n<p>Mais alors que d&rsquo;autres assembl\u00e9es g\u00e9n\u00e9rales sont pr\u00e9vues ce week-end du 6 et 7 septembre, les initiatives \u00e9mergent en ordre dispers\u00e9. Pour cause, l&rsquo;initiative est citoyenne, sans hi\u00e9rarchie clairement \u00e9tablie. La majeure partie des conf\u00e9d\u00e9rations syndicales ont, elles, rebondi de mani\u00e8re disparate sur cette mobilisation. Toutes ont cependant appel\u00e9 \u00e0 une journ\u00e9e de manifestation le jeudi 18 septembre prochain.<\/p>\n<p>Alors, \u00e0 quels blocages s&rsquo;attendre ? Ces derniers jours, plusieurs appels \u00e0 la gr\u00e8ve ont \u00e9man\u00e9 dans diff\u00e9rents secteurs d&rsquo;activit\u00e9. \u00c0 la SNCF, le syndicat majoritaire CGT-Cheminots et SUD-Rail ont appel\u00e9 \u00e0 se mobiliser, ce qui pourrait g\u00e9n\u00e9rer d&rsquo;importantes complications sur le trafic ferroviaire.<\/p>\n<p>Dans le secteur de l&rsquo;\u00e9ducation, quelques jours seulement apr\u00e8s la rentr\u00e9e, les professeurs pourraient se rendre dans la rue. Pour cause, le syndicat\u00a0FSU-SNUipp a appel\u00e9 les enseignants \u00e0 manifester pour \u00ab\u00a0une autre politique \u00e9ducative et un budget \u00e0 m\u00eame d&rsquo;am\u00e9liorer les conditions de travail\u00a0\u00bb. \u00c0 noter que des syndicats \u00e9tudiants, comme l&rsquo;UNEF, ont aussi appel\u00e9 \u00e0 se rassembler.<\/p>\n<p>Des mobilisations pourraient \u00e9galement concerner d&rsquo;autres secteurs d&rsquo;activit\u00e9 et le reste de la fonction publique, alors que Force Ouvri\u00e8re et Solidaires ont d\u00e9pos\u00e9 un pr\u00e9avis de gr\u00e8ve \u00ab\u00a0du 1er septembre jusqu&rsquo;au 30 novembre\u00a0\u00bb pour le premier syndicat, et \u00ab\u00a0du 1er septembre au 31 octobre\u00a0\u00bb pour le deuxi\u00e8me. La CGT a, elle, appel\u00e9 \u00e0 soutenir le mouvement du 10 septembre.<\/p>\n<p>\u00c0 Grenoble, une manifestation est pr\u00e9vue \u00e0 16 heures le mercredi 10 septembre. Le rendez-vous est fix\u00e9 place Victor Hugo. Le cort\u00e8ge prendra ensuite la direction de la Porte de France, puis de la Pr\u00e9fecture avant de finir devant la Tour Perret, o\u00f9 une assembl\u00e9e g\u00e9n\u00e9rale se tiendra.<\/p>\n<p>Des rassemblements sont aussi pr\u00e9vus \u00e0 Vienne, \u00e0 partir de 9 heures sur la place Simone Veil, et \u00e0 Saint-Quentin-Fallavier, au niveau du p\u00e9age de l&rsquo;autoroute A43. Certaines discussions en ligne sugg\u00e8rent \u00e9galement le blocage de la vaste plateforme logistique de la commune du Nord-Is\u00e8re.<\/p>\n<p>La circulation pourrait \u00eatre compliqu\u00e9e sur certains axes du d\u00e9partement et dans l&rsquo;agglom\u00e9ration grenobloise. Des barrages filtrants sont attendus d\u00e8s 6 heures au niveau de la Porte de France, du pont de Catane, du rond-point d&rsquo;Ikea \u00e0 Saint-Martin-d&rsquo;H\u00e8res et sur le boulevard Jean Pain, devant la mairie de Grenoble. De quoi envisager des embouteillages dans le centre-ville de Grenoble, ce mercredi.<\/p>\n<p>Dans la vall\u00e9e du Gr\u00e9sivaudan, des distributions de tracts sont pr\u00e9vues au niveau du rond-point du Rafour, \u00e0 l&rsquo;entr\u00e9e de Crolles.<\/p>\n<p>En Savoie, une manifestation est pr\u00e9vue le 10 septembre \u00e0 partir de 14 heures sur la place du Palais de justice de Chamb\u00e9ry. D&rsquo;apr\u00e8s les discussions sur les canaux Telegram, un rassemblement est envisag\u00e9 \u00e0 Albertville.<\/p>\n<p>Vous pouvez retrouver ci-dessous, une carte des \u00e9v\u00e9nements d\u00e9j\u00e0 pr\u00e9vus, \u00e0 date de ce vendredi 5 septembre, dans les d\u00e9partements de l&rsquo;Is\u00e8re, de la Savoie et de la Haute-Savoie. Ces \u00e9v\u00e9nements ont \u00e9t\u00e9 list\u00e9s en fonction des manifestations d\u00e9j\u00e0 pr\u00e9vues par les organisateurs locaux du mouvement \u00ab\u00a0Bloquons tout\u00a0\u00bb et par des syndicats. Vous pouvez cliquer sur les ic\u00f4nes rouges pour obtenir davantage d&rsquo;informations.<\/p>\n<\/p>\n<p>En Haute-Savoie, une assembl\u00e9e g\u00e9n\u00e9rale est pr\u00e9vue ce samedi 6 septembre, \u00e0 16h30, pour d\u00e9cider des actions \u00e0 venir \u00e0 Annecy. Dans d&rsquo;autres villes haut-savoyardes, des rendez-vous ont d\u00e9j\u00e0 \u00e9t\u00e9 fix\u00e9s. \u00c0 Thonon-les-Bains, une manifestation est pr\u00e9vue sur la place des Arts, \u00e0 partir de 17h30. \u00c0 Sallanches, un rassemblement est propos\u00e9 au niveau du rond-point de l&rsquo;Europe, \u00e0 partir de 8 heures.<\/p>\n<p>Avant ces rassemblements, des \u00ab\u00a0pots de d\u00e9part de Fran\u00e7ois Bayrou\u00a0\u00bb sont d\u00e9j\u00e0 pr\u00e9vus dans les grandes villes des Alpes lundi 8 septembre. Et ce, avant m\u00eame le vote de confiance pr\u00e9vu \u00e0 l&rsquo;Assembl\u00e9e nationale.<\/p>\n","protected":false},"excerpt":{"rendered":"Plusieurs manifestations, barrages filtrants et autres rassemblements sont pr\u00e9vus, ce mercredi 10 septembre, \u00e0 l&rsquo;initiative du mouvement \u00ab\u00a0Bloquons&hellip;\n","protected":false},"author":2,"featured_media":371274,"comment_status":"","ping_status":"","sticky":false,"template":"","format":"standard","meta":{"footnotes":""},"categories":[9566],"tags":[1111,11,2430,1777,674,1011,27,2731,12,25],"class_list":{"0":"post-371273","1":"post","2":"type-post","3":"status-publish","4":"format-standard","5":"has-post-thumbnail","7":"category-grenoble","8":"tag-actu","9":"tag-actualites","10":"tag-auvergne-rhone-alpes","11":"tag-eu","12":"tag-europe","13":"tag-fr","14":"tag-france","15":"tag-grenoble","16":"tag-news","17":"tag-republique-francaise"},"share_on_mastodon":{"url":"https:\/\/pubeurope.com\/@fr\/115158905292601780","error":""},"_links":{"self":[{"href":"https:\/\/www.europesays.com\/fr\/wp-json\/wp\/v2\/posts\/371273","targetHints":{"allow":["GET"]}}],"collection":[{"href":"https:\/\/www.europesays.com\/fr\/wp-json\/wp\/v2\/posts"}],"about":[{"href":"https:\/\/www.europesays.com\/fr\/wp-json\/wp\/v2\/types\/post"}],"author":[{"embeddable":true,"href":"https:\/\/www.europesays.com\/fr\/wp-json\/wp\/v2\/users\/2"}],"replies":[{"embeddable":true,"href":"https:\/\/www.europesays.com\/fr\/wp-json\/wp\/v2\/comments?post=371273"}],"version-history":[{"count":0,"href":"https:\/\/www.europesays.com\/fr\/wp-json\/wp\/v2\/posts\/371273\/revisions"}],"wp:featuredmedia":[{"embeddable":true,"href":"https:\/\/www.europesays.com\/fr\/wp-json\/wp\/v2\/media\/371274"}],"wp:attachment":[{"href":"https:\/\/www.europesays.com\/fr\/wp-json\/wp\/v2\/media?parent=371273"}],"wp:term":[{"taxonomy":"category","embeddable":true,"href":"https:\/\/www.europesays.com\/fr\/wp-json\/wp\/v2\/categories?post=371273"},{"taxonomy":"post_tag","embeddable":true,"href":"https:\/\/www.europesays.com\/fr\/wp-json\/wp\/v2\/tags?post=371273"}],"curies":[{"name":"wp","href":"https:\/\/api.w.org\/{rel}","templated":true}]}}