{"id":371275,"date":"2025-09-06T19:02:11","date_gmt":"2025-09-06T19:02:11","guid":{"rendered":"https:\/\/www.europesays.com\/fr\/371275\/"},"modified":"2025-09-06T19:02:11","modified_gmt":"2025-09-06T19:02:11","slug":"cette-lyceenne-de-rennes-veut-creer-un-programme-dequitherapie-en-faveur-de-jeunes-adultes","status":"publish","type":"post","link":"https:\/\/www.europesays.com\/fr\/371275\/","title":{"rendered":"Cette lyc\u00e9enne de Rennes veut cr\u00e9er un programme d\u2019\u00e9quith\u00e9rapie en faveur de jeunes adultes"},"content":{"rendered":"<p>Line De Abreu, Vernoise de 17\u00a0ans et \u00e9l\u00e8ve au lyc\u00e9e Descartes de Rennes, se lance dans une belle aventure. Elle a \u00e9t\u00e9 s\u00e9lectionn\u00e9e pour devenir jeune ambassadrice solidaire aux \u00c9tats-Unis.<\/p>\n<p>Le programme Jeunes ambassadeurs de l\u2019engagement associatif 2025, propos\u00e9 par l\u2019ambassade des \u00c9tats-Unis en France, concerne 26\u00a0jeunes. Il a plusieurs objectifs, notamment de sensibiliser la jeunesse \u00e0 l\u2019action citoyenne et associative et de d\u00e9velopper le dialogue interculturel entre les jeunes Fran\u00e7ais et les jeunes Am\u00e9ricains.<\/p>\n<p>\u00ab\u00a0Cr\u00e9er du lien social\u00a0\u00bb<\/p>\n<p>Dans le cadre de ce programme, Line doit mener un projet solidaire.<strong> \u00ab\u00a0J\u2019ai une grande s\u0153ur de 23\u00a0ans, Fleur, qui est en situation de handicap. Je souhaite cr\u00e9er un programme d\u2019\u00e9quith\u00e9rapie destin\u00e9 \u00e0 accompagner cinq jeunes adultes autistes, dont ma s\u0153ur\u00a0\u00bb<\/strong>, explique Line. L\u2019\u00e9quith\u00e9rapie, en alliant le contact avec le cheval et des activit\u00e9s adapt\u00e9es, offre un v\u00e9ritable soutien pour le bien-\u00eatre, la confiance en soi et le d\u00e9veloppement des comp\u00e9tences sociales. <strong>\u00ab\u00a0Ces s\u00e9ances vont aussi permettre \u00e0 ces jeunes de cr\u00e9er du lien social car ils sont trop souvent isol\u00e9s.\u00a0\u00bb<\/strong><\/p>\n<p><strong>Lire aussi\u00a0:<\/strong> <a href=\"https:\/\/lorient.maville.com\/sport\/detail_-portrait.-a-30-ans-cette-cavaliere-creer-un-centre-d-equitherapie-dans-le-morbihan-_12-6945413_actu.Htm\" rel=\"nofollow noopener\" target=\"_blank\">PORTRAIT. \u00c0 30\u00a0ans, cette cavali\u00e8re cr\u00e9e un centre d\u2019\u00e9quith\u00e9rapie dans le Morbihan<\/a><\/p>\n<p>Le centre \u00e9questre du Bois de Soeuvres de Vern-sur-Seiche soutient le projet de Line et accueillera les jeunes pour les s\u00e9ances en mettant \u00e0 disposition leur \u00e9curie. Pour concr\u00e9tiser ce programme d\u2019\u00e9quith\u00e9rapie, Line a besoin d\u2019un budget assez important afin de pouvoir r\u00e9mun\u00e9rer l\u2019intervenant qualifi\u00e9 pour ce profil de cavaliers. <strong>\u00ab\u00a0Si des personnes souhaitent aider \u00e0 la r\u00e9alisation du projet, j\u2019ai mont\u00e9 une cagnotte en ligne \u00e0 laquelle chacun peut participer.\u00a0\u00bb<\/strong> Environ 750\u00a0\u20ac ont d\u00e9j\u00e0 \u00e9t\u00e9 collect\u00e9s, sur les 1\u00a0600\u00a0\u20ac n\u00e9cessaires.<\/p>\n<p>\u00c0 noter que ce n\u2019est pas la premi\u00e8re fois que Line se mobilise pour une bonne cause. La lyc\u00e9enne s\u2019\u00e9tait ainsi engag\u00e9e en 2024 avec l\u2019association vernoise Fihavanana Breizh\u2019Mada. <strong>\u00ab\u00a0Nous sommes partis \u00e0 Madagascar pour effectuer, avec d\u2019autres participants, des travaux de peinture et de r\u00e9novation d\u2019\u00e9coles.\u00a0\u00bb<\/strong><\/p>\n<p><strong>Cagnotte \u00e0 retrouver<\/strong> sur le site <a href=\"https:\/\/www.onparticipe.fr\/c\/vQQx0VBY\" rel=\"nofollow noopener\" target=\"_blank\">onparticipe.fr\/c\/vQQx0VBY<\/a><\/p>\n<p>\u00a0<\/p>\n","protected":false},"excerpt":{"rendered":"Line De Abreu, Vernoise de 17\u00a0ans et \u00e9l\u00e8ve au lyc\u00e9e Descartes de Rennes, se lance dans une belle&hellip;\n","protected":false},"author":2,"featured_media":371276,"comment_status":"","ping_status":"","sticky":false,"template":"","format":"standard","meta":{"footnotes":""},"categories":[2821],"tags":[1111,11,43105,50540,829,1812,50539,1777,674,17586,1011,27,4074,14876,12,5240,584,25],"class_list":{"0":"post-371275","1":"post","2":"type-post","3":"status-publish","4":"format-standard","5":"has-post-thumbnail","7":"category-rennes","8":"tag-actu","9":"tag-actualites","10":"tag-adultes","11":"tag-autistes","12":"tag-bretagne","13":"tag-creer","14":"tag-equitherapie","15":"tag-eu","16":"tag-europe","17":"tag-faveur","18":"tag-fr","19":"tag-france","20":"tag-jeunes","21":"tag-lyceenne","22":"tag-news","23":"tag-programme","24":"tag-rennes","25":"tag-republique-francaise"},"share_on_mastodon":{"url":"https:\/\/pubeurope.com\/@fr\/115158905354907881","error":""},"_links":{"self":[{"href":"https:\/\/www.europesays.com\/fr\/wp-json\/wp\/v2\/posts\/371275","targetHints":{"allow":["GET"]}}],"collection":[{"href":"https:\/\/www.europesays.com\/fr\/wp-json\/wp\/v2\/posts"}],"about":[{"href":"https:\/\/www.europesays.com\/fr\/wp-json\/wp\/v2\/types\/post"}],"author":[{"embeddable":true,"href":"https:\/\/www.europesays.com\/fr\/wp-json\/wp\/v2\/users\/2"}],"replies":[{"embeddable":true,"href":"https:\/\/www.europesays.com\/fr\/wp-json\/wp\/v2\/comments?post=371275"}],"version-history":[{"count":0,"href":"https:\/\/www.europesays.com\/fr\/wp-json\/wp\/v2\/posts\/371275\/revisions"}],"wp:featuredmedia":[{"embeddable":true,"href":"https:\/\/www.europesays.com\/fr\/wp-json\/wp\/v2\/media\/371276"}],"wp:attachment":[{"href":"https:\/\/www.europesays.com\/fr\/wp-json\/wp\/v2\/media?parent=371275"}],"wp:term":[{"taxonomy":"category","embeddable":true,"href":"https:\/\/www.europesays.com\/fr\/wp-json\/wp\/v2\/categories?post=371275"},{"taxonomy":"post_tag","embeddable":true,"href":"https:\/\/www.europesays.com\/fr\/wp-json\/wp\/v2\/tags?post=371275"}],"curies":[{"name":"wp","href":"https:\/\/api.w.org\/{rel}","templated":true}]}}