{"id":371277,"date":"2025-09-06T19:03:10","date_gmt":"2025-09-06T19:03:10","guid":{"rendered":"https:\/\/www.europesays.com\/fr\/371277\/"},"modified":"2025-09-06T19:03:10","modified_gmt":"2025-09-06T19:03:10","slug":"wawrinka-face-a-un-qualifie-gaston-negritu-le-tableau-final-de-lopen-blot-de-rennes","status":"publish","type":"post","link":"https:\/\/www.europesays.com\/fr\/371277\/","title":{"rendered":"Wawrinka face \u00e0 un qualifi\u00e9, Gaston-Negritu\u2026 Le tableau final de l\u2019Open Blot de Rennes"},"content":{"rendered":"<p>Open Blot de Rennes, de lundi \u00e0 dimanche<\/p>\n<p>Un moment attendu ! Ce samedi, le tirage au sort du tableau de l\u2019Open Blot de Rennes a \u00e9t\u00e9 effectu\u00e9. Au premier tour, <a href=\"https:\/\/www.letelegramme.fr\/sports\/tennis\/open-blot-de-rennes-2025-un-plateau-releve-avec-le-suisse-stanislas-wawrinka-6874105.php\" target=\"_blank\" rel=\"nofollow noopener\">la t\u00eate d\u2019affiche Stan Wawrinka<\/a>, t\u00eate de s\u00e9rie num\u00e9ro 2, affrontera un qualifi\u00e9 (les qualifications commencent ce dimanche). Hugo Gaston (N.125), t\u00eate de s\u00e9rie num\u00e9ro 1, rencontrera l\u2019Allemand Christoph Negritu (N.274).<\/p>\n<p>Les Fran\u00e7ais sont pr\u00e9sents en force et quatre matchs opposeront des tricolores au premier tour (en attendant le r\u00e9sultat des qualifications) dont un match entre Titouan Droguet (N.159), t\u00eate de s\u00e9rie num\u00e9ro 4, et Matteo Martineau (N.271).<\/p>\n<p>Benoit Paire en qualifications<\/p>\n<p>Benoit Paire sera pr\u00e9sent \u00e0 Rennes d\u00e8s ce dimanche. De retour \u00e0 la comp\u00e9tition apr\u00e8s plusieurs mois de blessure, l\u2019actuel 686e joueur mondial jouera les qualifications. Au premier tour, il affrontera Adrien Gobat (N.755).<\/p>\n","protected":false},"excerpt":{"rendered":"Open Blot de Rennes, de lundi \u00e0 dimanche Un moment attendu ! Ce samedi, le tirage au sort&hellip;\n","protected":false},"author":2,"featured_media":371278,"comment_status":"","ping_status":"","sticky":false,"template":"","format":"standard","meta":{"footnotes":""},"categories":[2821],"tags":[1111,11,829,3166,1777,674,1011,27,12,584,25,60,1467],"class_list":{"0":"post-371277","1":"post","2":"type-post","3":"status-publish","4":"format-standard","5":"has-post-thumbnail","7":"category-rennes","8":"tag-actu","9":"tag-actualites","10":"tag-bretagne","11":"tag-en-continu-sports","12":"tag-eu","13":"tag-europe","14":"tag-fr","15":"tag-france","16":"tag-news","17":"tag-rennes","18":"tag-republique-francaise","19":"tag-sports","20":"tag-tennis"},"share_on_mastodon":{"url":"https:\/\/pubeurope.com\/@fr\/115158909154275627","error":""},"_links":{"self":[{"href":"https:\/\/www.europesays.com\/fr\/wp-json\/wp\/v2\/posts\/371277","targetHints":{"allow":["GET"]}}],"collection":[{"href":"https:\/\/www.europesays.com\/fr\/wp-json\/wp\/v2\/posts"}],"about":[{"href":"https:\/\/www.europesays.com\/fr\/wp-json\/wp\/v2\/types\/post"}],"author":[{"embeddable":true,"href":"https:\/\/www.europesays.com\/fr\/wp-json\/wp\/v2\/users\/2"}],"replies":[{"embeddable":true,"href":"https:\/\/www.europesays.com\/fr\/wp-json\/wp\/v2\/comments?post=371277"}],"version-history":[{"count":0,"href":"https:\/\/www.europesays.com\/fr\/wp-json\/wp\/v2\/posts\/371277\/revisions"}],"wp:featuredmedia":[{"embeddable":true,"href":"https:\/\/www.europesays.com\/fr\/wp-json\/wp\/v2\/media\/371278"}],"wp:attachment":[{"href":"https:\/\/www.europesays.com\/fr\/wp-json\/wp\/v2\/media?parent=371277"}],"wp:term":[{"taxonomy":"category","embeddable":true,"href":"https:\/\/www.europesays.com\/fr\/wp-json\/wp\/v2\/categories?post=371277"},{"taxonomy":"post_tag","embeddable":true,"href":"https:\/\/www.europesays.com\/fr\/wp-json\/wp\/v2\/tags?post=371277"}],"curies":[{"name":"wp","href":"https:\/\/api.w.org\/{rel}","templated":true}]}}