{"id":371279,"date":"2025-09-06T19:04:16","date_gmt":"2025-09-06T19:04:16","guid":{"rendered":"https:\/\/www.europesays.com\/fr\/371279\/"},"modified":"2025-09-06T19:04:16","modified_gmt":"2025-09-06T19:04:16","slug":"entre-cine-plein-air-feux-dartifices-et-farniente-on-vous-a-immortalises","status":"publish","type":"post","link":"https:\/\/www.europesays.com\/fr\/371279\/","title":{"rendered":"entre cin\u00e9 plein air, feux d&rsquo;artifices et farniente, on vous a immortalis\u00e9s"},"content":{"rendered":"<p style=\"text-align: left;\"><strong>Quoi ? C\u2019est la rentr\u00e9e ? Oui, mais avant de repartir la t\u00eate dans le guidon, back to summer ! On remet les pieds dans le sable, pour replonger dans ce qui a rythm\u00e9 Strasbourg cet \u00e9t\u00e9\u00a0: cin\u00e9ma plein air, vir\u00e9es en p\u00e9dalo \u00e0 la plage des Docks Malraux, d\u00e9tente sur un transat, ap\u00e9ros \u00e0 la belle \u00e9toile au bord des quais, la Catoche sous le feu des projecteurs\u2026 sans oublier l\u2019apoth\u00e9ose du FARSe. Bref, si vous \u00e9tiez partis pendant ces deux mois d\u2019\u00e9t\u00e9, voil\u00e0 un retour en images de ce que vous avez loup\u00e9.<\/strong><\/p>\n","protected":false},"excerpt":{"rendered":"Quoi ? C\u2019est la rentr\u00e9e ? Oui, mais avant de repartir la t\u00eate dans le guidon, back to&hellip;\n","protected":false},"author":2,"featured_media":371280,"comment_status":"","ping_status":"","sticky":false,"template":"","format":"standard","meta":{"footnotes":""},"categories":[2820],"tags":[1111,11,2883,1777,674,1011,27,775,12,50541,50542,25,640,2528],"class_list":{"0":"post-371279","1":"post","2":"type-post","3":"status-publish","4":"format-standard","5":"has-post-thumbnail","7":"category-strasbourg","8":"tag-actu","9":"tag-actualites","10":"tag-ete","11":"tag-eu","12":"tag-europe","13":"tag-fr","14":"tag-france","15":"tag-grand-est","16":"tag-news","17":"tag-photo-de-rue","18":"tag-photoreportage","19":"tag-republique-francaise","20":"tag-strasbourg","21":"tag-vacances"},"share_on_mastodon":{"url":"https:\/\/pubeurope.com\/@fr\/115158913193685011","error":""},"_links":{"self":[{"href":"https:\/\/www.europesays.com\/fr\/wp-json\/wp\/v2\/posts\/371279","targetHints":{"allow":["GET"]}}],"collection":[{"href":"https:\/\/www.europesays.com\/fr\/wp-json\/wp\/v2\/posts"}],"about":[{"href":"https:\/\/www.europesays.com\/fr\/wp-json\/wp\/v2\/types\/post"}],"author":[{"embeddable":true,"href":"https:\/\/www.europesays.com\/fr\/wp-json\/wp\/v2\/users\/2"}],"replies":[{"embeddable":true,"href":"https:\/\/www.europesays.com\/fr\/wp-json\/wp\/v2\/comments?post=371279"}],"version-history":[{"count":0,"href":"https:\/\/www.europesays.com\/fr\/wp-json\/wp\/v2\/posts\/371279\/revisions"}],"wp:featuredmedia":[{"embeddable":true,"href":"https:\/\/www.europesays.com\/fr\/wp-json\/wp\/v2\/media\/371280"}],"wp:attachment":[{"href":"https:\/\/www.europesays.com\/fr\/wp-json\/wp\/v2\/media?parent=371279"}],"wp:term":[{"taxonomy":"category","embeddable":true,"href":"https:\/\/www.europesays.com\/fr\/wp-json\/wp\/v2\/categories?post=371279"},{"taxonomy":"post_tag","embeddable":true,"href":"https:\/\/www.europesays.com\/fr\/wp-json\/wp\/v2\/tags?post=371279"}],"curies":[{"name":"wp","href":"https:\/\/api.w.org\/{rel}","templated":true}]}}