{"id":371281,"date":"2025-09-06T19:05:12","date_gmt":"2025-09-06T19:05:12","guid":{"rendered":"https:\/\/www.europesays.com\/fr\/371281\/"},"modified":"2025-09-06T19:05:12","modified_gmt":"2025-09-06T19:05:12","slug":"foire-europeenne-de-strasbourg-2025-vous-cherchez-quoi-manger-dans-les-allees-suivez-le-guide","status":"publish","type":"post","link":"https:\/\/www.europesays.com\/fr\/371281\/","title":{"rendered":"Foire europ\u00e9enne de Strasbourg 2025. Vous cherchez quoi manger dans les all\u00e9es\u00a0? Suivez le guide\u00a0!"},"content":{"rendered":"<p>Au total, une vingtaine de points de restauration sont annonc\u00e9s par les organisateurs de <a href=\"https:\/\/www.dna.fr\/culture-loisirs\/2025\/09\/03\/exposants-animations-les-nouveautes-et-les-classiques-a-ne-pas-rater\" target=\"_blank\" rel=\"nofollow noopener\">la Foire europ\u00e9enne de Strasbourg 2025<\/a> , dispatch\u00e9s comme <a href=\"https:\/\/www.dna.fr\/culture-loisirs\/2025\/09\/05\/plus-de-100-000-personnes-attendues-la-93e-edition-est-lancee\" target=\"_blank\" rel=\"nofollow noopener\">cette 93 e \u00e9dition<\/a> entre le Parc des expositions (Pex) et le Palais de la musique et des congr\u00e8s (PMC), en int\u00e9rieur ou en ext\u00e9rieur, mais pour beaucoup regroup\u00e9s au Village des d\u00e9lices [hall 4], \u00e0 l\u2019espace gastronomie [hall 1] ainsi qu\u2019aux Jardins du PMC.<\/p>\n<p>Des classiques du snacking<\/p>\n<p>Simple, rapide, efficace, peu cher (ou presque)\u00a0: si des classiques du snacking peuvent faire votre affaire, dirigez-vous vers le <strong>Village des d\u00e9lices<\/strong>. Au \u00ab\u00a0cabanon\u00a0\u00bb boulangerie, vous pourrez opter pour une salade c\u00e9sar (11,50\u00a0\u20ac) ou un jambon-beurre (4\u00a0\u20ac), un \u00e9clair (2\u00a0\u20ac) ou une tarte aux pommes (3\u00a0\u20ac)\u00a0; et d\u00e9j\u00e0 pr\u00e9voir votre go\u00fbter\u2026 aux saveurs d\u2019Alsace, avec un streussel (1,50\u00a0\u20ac) ou une cr\u00e9mantaise (8\u00a0\u20ac).<\/p>\n<p>Du traditionnel alsacien<\/p>\n<p>Pour un plat, et du traditionnel, direction le <strong>Village des d\u00e9lices<\/strong> toujours, et le \u00ab\u00a0cabanon\u00a0\u00bb boucherie. L\u00e0, entre knacks-salade de&#8230;<\/p>\n","protected":false},"excerpt":{"rendered":"Au total, une vingtaine de points de restauration sont annonc\u00e9s par les organisateurs de la Foire europ\u00e9enne de&hellip;\n","protected":false},"author":2,"featured_media":371282,"comment_status":"","ping_status":"","sticky":false,"template":"","format":"standard","meta":{"footnotes":""},"categories":[2820],"tags":[1111,11,2389,2649,130,1687,33,2880,1777,674,107,1685,1011,27,775,12,25,640,2879],"class_list":{"0":"post-371281","1":"post","2":"type-post","3":"status-publish","4":"format-standard","5":"has-post-thumbnail","7":"category-strasbourg","8":"tag-actu","9":"tag-actualites","10":"tag-alsace","11":"tag-bas-rhin","12":"tag-consommation","13":"tag-culture-loisirs","14":"tag-economie","15":"tag-edition-strasbourg","16":"tag-eu","17":"tag-europe","18":"tag-fil-info","19":"tag-foire-et-salon","20":"tag-fr","21":"tag-france","22":"tag-grand-est","23":"tag-news","24":"tag-republique-francaise","25":"tag-strasbourg","26":"tag-strasbourg-ville"},"share_on_mastodon":{"url":"https:\/\/pubeurope.com\/@fr\/115158917049024388","error":""},"_links":{"self":[{"href":"https:\/\/www.europesays.com\/fr\/wp-json\/wp\/v2\/posts\/371281","targetHints":{"allow":["GET"]}}],"collection":[{"href":"https:\/\/www.europesays.com\/fr\/wp-json\/wp\/v2\/posts"}],"about":[{"href":"https:\/\/www.europesays.com\/fr\/wp-json\/wp\/v2\/types\/post"}],"author":[{"embeddable":true,"href":"https:\/\/www.europesays.com\/fr\/wp-json\/wp\/v2\/users\/2"}],"replies":[{"embeddable":true,"href":"https:\/\/www.europesays.com\/fr\/wp-json\/wp\/v2\/comments?post=371281"}],"version-history":[{"count":0,"href":"https:\/\/www.europesays.com\/fr\/wp-json\/wp\/v2\/posts\/371281\/revisions"}],"wp:featuredmedia":[{"embeddable":true,"href":"https:\/\/www.europesays.com\/fr\/wp-json\/wp\/v2\/media\/371282"}],"wp:attachment":[{"href":"https:\/\/www.europesays.com\/fr\/wp-json\/wp\/v2\/media?parent=371281"}],"wp:term":[{"taxonomy":"category","embeddable":true,"href":"https:\/\/www.europesays.com\/fr\/wp-json\/wp\/v2\/categories?post=371281"},{"taxonomy":"post_tag","embeddable":true,"href":"https:\/\/www.europesays.com\/fr\/wp-json\/wp\/v2\/tags?post=371281"}],"curies":[{"name":"wp","href":"https:\/\/api.w.org\/{rel}","templated":true}]}}