{"id":371283,"date":"2025-09-06T19:06:10","date_gmt":"2025-09-06T19:06:10","guid":{"rendered":"https:\/\/www.europesays.com\/fr\/371283\/"},"modified":"2025-09-06T19:06:10","modified_gmt":"2025-09-06T19:06:10","slug":"une-septuagenaire-victime-dune-mauvaise-chute-a-villefranche-sur-mer-ce-samedi","status":"publish","type":"post","link":"https:\/\/www.europesays.com\/fr\/371283\/","title":{"rendered":"Une septuag\u00e9naire victime d\u2019une mauvaise chute \u00e0 Villefranche-sur-Mer ce samedi"},"content":{"rendered":"<p>La victime qui empruntait la promenade surplombant la plage des Marini\u00e8res s\u2019est retrouv\u00e9e coinc\u00e9e entre le mur et la fa\u00e7ade d\u2019un restaurant.<\/p>\n<p>Pour l\u2019extraire de l\u00e0, d\u2019importants moyens ont \u00e9t\u00e9 mobilis\u00e9s.<\/p>\n<p>Des effectifs des sapeurs-pompiers et du Samu, mais aussi des agents de la police nationale et de la police municipale se sont retrouv\u00e9s sur les lieux de cet accident.<\/p>\n<p>La septuag\u00e9naire, souffrant de fractures, a \u00e9t\u00e9 transport\u00e9e \u00e0 l\u2019h\u00f4pital apr\u00e8s avoir \u00e9t\u00e9 extirp\u00e9e de l\u00e0 o\u00f9 elle avait malencontreusement gliss\u00e9.<\/p>\n","protected":false},"excerpt":{"rendered":"La victime qui empruntait la promenade surplombant la plage des Marini\u00e8res s\u2019est retrouv\u00e9e coinc\u00e9e entre le mur et&hellip;\n","protected":false},"author":2,"featured_media":371284,"comment_status":"","ping_status":"","sticky":false,"template":"","format":"standard","meta":{"footnotes":""},"categories":[2819],"tags":[1111,11,1777,674,118,1011,27,12,2401,882,25],"class_list":{"0":"post-371283","1":"post","2":"type-post","3":"status-publish","4":"format-standard","5":"has-post-thumbnail","7":"category-nice","8":"tag-actu","9":"tag-actualites","10":"tag-eu","11":"tag-europe","12":"tag-faits-divers","13":"tag-fr","14":"tag-france","15":"tag-news","16":"tag-nice","17":"tag-provence-alpes-cote-dazur","18":"tag-republique-francaise"},"share_on_mastodon":{"url":"https:\/\/pubeurope.com\/@fr\/115158920981224834","error":""},"_links":{"self":[{"href":"https:\/\/www.europesays.com\/fr\/wp-json\/wp\/v2\/posts\/371283","targetHints":{"allow":["GET"]}}],"collection":[{"href":"https:\/\/www.europesays.com\/fr\/wp-json\/wp\/v2\/posts"}],"about":[{"href":"https:\/\/www.europesays.com\/fr\/wp-json\/wp\/v2\/types\/post"}],"author":[{"embeddable":true,"href":"https:\/\/www.europesays.com\/fr\/wp-json\/wp\/v2\/users\/2"}],"replies":[{"embeddable":true,"href":"https:\/\/www.europesays.com\/fr\/wp-json\/wp\/v2\/comments?post=371283"}],"version-history":[{"count":0,"href":"https:\/\/www.europesays.com\/fr\/wp-json\/wp\/v2\/posts\/371283\/revisions"}],"wp:featuredmedia":[{"embeddable":true,"href":"https:\/\/www.europesays.com\/fr\/wp-json\/wp\/v2\/media\/371284"}],"wp:attachment":[{"href":"https:\/\/www.europesays.com\/fr\/wp-json\/wp\/v2\/media?parent=371283"}],"wp:term":[{"taxonomy":"category","embeddable":true,"href":"https:\/\/www.europesays.com\/fr\/wp-json\/wp\/v2\/categories?post=371283"},{"taxonomy":"post_tag","embeddable":true,"href":"https:\/\/www.europesays.com\/fr\/wp-json\/wp\/v2\/tags?post=371283"}],"curies":[{"name":"wp","href":"https:\/\/api.w.org\/{rel}","templated":true}]}}