{"id":371287,"date":"2025-09-06T19:09:31","date_gmt":"2025-09-06T19:09:31","guid":{"rendered":"https:\/\/www.europesays.com\/fr\/371287\/"},"modified":"2025-09-06T19:09:31","modified_gmt":"2025-09-06T19:09:31","slug":"a-nantes-ce-week-end-on-pourra-faire-le-plein-de-vegetaux-a-la-folie-des-plantes","status":"publish","type":"post","link":"https:\/\/www.europesays.com\/fr\/371287\/","title":{"rendered":"\u00c0 Nantes, ce week-end, on pourra faire le plein de v\u00e9g\u00e9taux \u00e0 la Folie des plantes"},"content":{"rendered":"<p>Ce n\u2019est pas dans le m\u00eame domaine. Mais, comme le festival des Rendez-vous de l\u2019Erdre, c\u2019est un incontournable de la rentr\u00e9e. La Folie des Plantes est de retour samedi\u00a06 et dimanche 7\u00a0septembre 2025, au parc du Grand-Blottereau, \u00e0 Nantes.\u00a0<a href=\"https:\/\/nantes.maville.com\/actu\/actudet_--il-y-a-une-diversite-inouie-l-idee-ingenieuse-pour-denicher-la-plante-de-ses-reves-a-nantes-_8-5927462_actu.Htm\" target=\"_self\" rel=\"noopener\">Un week-end de rencontres et d\u2019\u00e9changes avec les professionnels du monde horticole et les acteurs du jardinage biologique, de la protection de l\u2019environnement et de la biodiversit\u00e9.<\/a> On y p\u00eache un tas de bonnes id\u00e9es pour son jardin. Plus de 170\u00a0exposants seront pr\u00e9sents.<\/p>\n<p>Le nouveau jardin de Seattle sera inaugur\u00e9 dimanche<\/p>\n<p>Parmi les propositions all\u00e9chantes\u00a0: un ap\u00e9ro botanique, avec\u00a0exploration des plantes du potager tropical et d\u00e9gustation d\u2019une recette surprenante <a href=\"https:\/\/www.helloasso.com\/associations\/collectif-serres\/evenements\/inscription-apero-culinaire-collectif-serres-folie-des-plantes\" target=\"_blank\" rel=\"noopener\">(sur inscription sur helloasso)<\/a>.<\/p>\n<p>Nouveau\u00a0: le jardin de Seattle, cr\u00e9\u00e9 dans le cadre du jumelage scell\u00e9 depuis 1980 entre Nantes et Seattle, capitale \u00e9conomique de l\u2019\u00c9tat de Washington. L\u2019artiste Barbara Earl Thomas a imagin\u00e9 une porte monumentale marquant l\u2019entr\u00e9e de ce jardin. Cette \u0153uvre sera inaugur\u00e9e dimanche<\/p>\n<p><strong>Samedi\u00a06 et dimanche 7\u00a0septembre<\/strong>, de 10\u00a0h \u00e0 18\u00a0h\u00a030, parc du Grand-Blottereau \u00e0 Nantes.\u00a0Entr\u00e9e gratuite.<\/p>\n<p>\u00a0<\/p>\n","protected":false},"excerpt":{"rendered":"Ce n\u2019est pas dans le m\u00eame domaine. Mais, comme le festival des Rendez-vous de l\u2019Erdre, c\u2019est un incontournable&hellip;\n","protected":false},"author":2,"featured_media":371288,"comment_status":"","ping_status":"","sticky":false,"template":"","format":"standard","meta":{"footnotes":""},"categories":[2818],"tags":[1111,11,1777,674,4560,3283,1011,27,766,12,2636,4896,25,3272,32124,4064],"class_list":{"0":"post-371287","1":"post","2":"type-post","3":"status-publish","4":"format-standard","5":"has-post-thumbnail","7":"category-nantes","8":"tag-actu","9":"tag-actualites","10":"tag-eu","11":"tag-europe","12":"tag-faire","13":"tag-folie","14":"tag-fr","15":"tag-france","16":"tag-nantes","17":"tag-news","18":"tag-pays-de-la-loire","19":"tag-plantes","20":"tag-republique-francaise","21":"tag-saint-nazaire","22":"tag-vegetaux","23":"tag-week-end"},"share_on_mastodon":{"url":"https:\/\/pubeurope.com\/@fr\/115158932807713615","error":""},"_links":{"self":[{"href":"https:\/\/www.europesays.com\/fr\/wp-json\/wp\/v2\/posts\/371287","targetHints":{"allow":["GET"]}}],"collection":[{"href":"https:\/\/www.europesays.com\/fr\/wp-json\/wp\/v2\/posts"}],"about":[{"href":"https:\/\/www.europesays.com\/fr\/wp-json\/wp\/v2\/types\/post"}],"author":[{"embeddable":true,"href":"https:\/\/www.europesays.com\/fr\/wp-json\/wp\/v2\/users\/2"}],"replies":[{"embeddable":true,"href":"https:\/\/www.europesays.com\/fr\/wp-json\/wp\/v2\/comments?post=371287"}],"version-history":[{"count":0,"href":"https:\/\/www.europesays.com\/fr\/wp-json\/wp\/v2\/posts\/371287\/revisions"}],"wp:featuredmedia":[{"embeddable":true,"href":"https:\/\/www.europesays.com\/fr\/wp-json\/wp\/v2\/media\/371288"}],"wp:attachment":[{"href":"https:\/\/www.europesays.com\/fr\/wp-json\/wp\/v2\/media?parent=371287"}],"wp:term":[{"taxonomy":"category","embeddable":true,"href":"https:\/\/www.europesays.com\/fr\/wp-json\/wp\/v2\/categories?post=371287"},{"taxonomy":"post_tag","embeddable":true,"href":"https:\/\/www.europesays.com\/fr\/wp-json\/wp\/v2\/tags?post=371287"}],"curies":[{"name":"wp","href":"https:\/\/api.w.org\/{rel}","templated":true}]}}