{"id":371289,"date":"2025-09-06T19:10:24","date_gmt":"2025-09-06T19:10:24","guid":{"rendered":"https:\/\/www.europesays.com\/fr\/371289\/"},"modified":"2025-09-06T19:10:24","modified_gmt":"2025-09-06T19:10:24","slug":"une-legende-du-fc-nantes-honoree-par-la-parution-dun-livre-france-fc-nantes","status":"publish","type":"post","link":"https:\/\/www.europesays.com\/fr\/371289\/","title":{"rendered":"Une l\u00e9gende du FC Nantes honor\u00e9e par la parution d\u2019un livre &#8211; France &#8211; FC Nantes"},"content":{"rendered":"<p>En 2018, Philippe Daguillon, pr\u00e9parateur physique historique du FC Nantes et de l\u2019\u00e9quipe de France, nous quittait des suites d\u2019une longue maladie. Pour honorer sa m\u00e9moire, un ouvrage intitul\u00e9 Dans la foul\u00e9e de Dag, \u00e9crit par Alexis Vergereau (confr\u00e8re d\u2019Ouest-France) va ainsi para\u00eetre ce dimanche 7 septembre. Ce livre retrace l\u2019ensemble de la carri\u00e8re de Philippe Daguillon, qui a pass\u00e9 pr\u00e8s de 33 saisons au FC Nantes. Jean-Claude Suaudeau, Didier Deschamps, Marcel Desailly, Raynald Denoueix, Claude Mak\u00e9l\u00e9l\u00e9, Jorge Burruchaga, Jean-Pierre Papin, Alain Giresse et de nombreuses autres figures du football nantais et fran\u00e7ais ont ainsi particip\u00e9 \u00e0 son \u00e9laboration, par diff\u00e9rents t\u00e9moignages.<\/p>\n<p>Un recueil historique donc, \u00e0 para\u00eetre le jour de <a target=\"_blank\" href=\"https:\/\/www.instagram.com\/ladag_2025?igsh=eTc4bTVxenhvYTll\" rel=\"nofollow noopener\">la quatri\u00e8me \u00e9dition de La Dag<\/a>, une course \u00e0 pied caritative (2 500 participants), \u00e9galement institu\u00e9e en l\u2019honneur de Daguillon et dont les fonds sont revers\u00e9s au CHU de Nantes et \u00e0 l\u2019Institut de canc\u00e9rologie de l\u2019Ouest. Ces fonds permettront d\u2019avancer dans la recherche contre le cancer, mais \u00e9galement d\u2019am\u00e9liorer le quotidien des personnes malades.<\/p>\n<p>\u00c0 Nantes, on a toujours su bien jouer. Sur tous les terrains.<\/p>\n<p>\t\t\t\t\t\t\t\t\t\t<a class=\"lien-connexe\" href=\"https:\/\/www.sofoot.com\/breves\/lentraineur-de-nantes-luis-castro-se-serait-blesse-et-aurait-une-rupture-du-ligament-croise\" rel=\"nofollow noopener\" target=\"_blank\">Rupture du ligament crois\u00e9 pour Luis Castro\u202f?<\/a>\t\t\t\t\t<script async src=\"\/\/www.instagram.com\/embed.js\"><\/script><\/p>\n","protected":false},"excerpt":{"rendered":"En 2018, Philippe Daguillon, pr\u00e9parateur physique historique du FC Nantes et de l\u2019\u00e9quipe de France, nous quittait des&hellip;\n","protected":false},"author":2,"featured_media":371290,"comment_status":"","ping_status":"","sticky":false,"template":"","format":"standard","meta":{"footnotes":""},"categories":[2818],"tags":[1111,47,11,61,69,65,64,1777,674,63,1011,27,68,66,766,12,62,2636,70,25,67],"class_list":{"0":"post-371289","1":"post","2":"type-post","3":"status-publish","4":"format-standard","5":"has-post-thumbnail","7":"category-nantes","8":"tag-actu","9":"tag-actualite","10":"tag-actualites","11":"tag-actus-football","12":"tag-bundesliga","13":"tag-championnats-europeens","14":"tag-equipe-de-france","15":"tag-eu","16":"tag-europe","17":"tag-football","18":"tag-fr","19":"tag-france","20":"tag-ligua","21":"tag-ligue-1","22":"tag-nantes","23":"tag-news","24":"tag-news-foot","25":"tag-pays-de-la-loire","26":"tag-premier-league","27":"tag-republique-francaise","28":"tag-serie-a"},"share_on_mastodon":{"url":"https:\/\/pubeurope.com\/@fr\/115158937030271912","error":""},"_links":{"self":[{"href":"https:\/\/www.europesays.com\/fr\/wp-json\/wp\/v2\/posts\/371289","targetHints":{"allow":["GET"]}}],"collection":[{"href":"https:\/\/www.europesays.com\/fr\/wp-json\/wp\/v2\/posts"}],"about":[{"href":"https:\/\/www.europesays.com\/fr\/wp-json\/wp\/v2\/types\/post"}],"author":[{"embeddable":true,"href":"https:\/\/www.europesays.com\/fr\/wp-json\/wp\/v2\/users\/2"}],"replies":[{"embeddable":true,"href":"https:\/\/www.europesays.com\/fr\/wp-json\/wp\/v2\/comments?post=371289"}],"version-history":[{"count":0,"href":"https:\/\/www.europesays.com\/fr\/wp-json\/wp\/v2\/posts\/371289\/revisions"}],"wp:featuredmedia":[{"embeddable":true,"href":"https:\/\/www.europesays.com\/fr\/wp-json\/wp\/v2\/media\/371290"}],"wp:attachment":[{"href":"https:\/\/www.europesays.com\/fr\/wp-json\/wp\/v2\/media?parent=371289"}],"wp:term":[{"taxonomy":"category","embeddable":true,"href":"https:\/\/www.europesays.com\/fr\/wp-json\/wp\/v2\/categories?post=371289"},{"taxonomy":"post_tag","embeddable":true,"href":"https:\/\/www.europesays.com\/fr\/wp-json\/wp\/v2\/tags?post=371289"}],"curies":[{"name":"wp","href":"https:\/\/api.w.org\/{rel}","templated":true}]}}