{"id":371293,"date":"2025-09-06T19:12:18","date_gmt":"2025-09-06T19:12:18","guid":{"rendered":"https:\/\/www.europesays.com\/fr\/371293\/"},"modified":"2025-09-06T19:12:18","modified_gmt":"2025-09-06T19:12:18","slug":"top-14-union-bordeaux-begles-temo-matiu-remplace-pierre-bochaton-contre-la-rochelle","status":"publish","type":"post","link":"https:\/\/www.europesays.com\/fr\/371293\/","title":{"rendered":"Top 14 \u2013 Union Bordeaux-B\u00e8gles\u00a0: Temo Matiu remplace Pierre Bochaton contre La\u00a0Rochelle"},"content":{"rendered":"<p>\n                Le staff de l\u2019Union Bordeaux-B\u00e8gles a effectu\u00e9 un changement dans sa composition d\u2019\u00e9quipe pour affronter La\u00a0Rochelle ce samedi pour le premier match de la saison. Pierre Bochaton, annonc\u00e9 titulaire vendredi, est finalement absent.\n            <\/p>\n<p>Annonc\u00e9 titulaire vendredi pour affronter La\u00a0Rochelle ce samedi \u00e0 Chaban-Delmas pour le premier match de la saison de l\u2019Union Bordeaux-B\u00e8gles, le troisi\u00e8me ligne international Pierre Bochaton n\u2019est finalement pas pr\u00e9sent sur la feuille de match. Le joueur, malade, a d\u00fb renoncer.<\/p>\n<p>Yannick Bru, le manager de l\u2019UBB, a donc effectu\u00e9 un changement de derni\u00e8re minute. C\u2019est finalement Temo Matiu qui portera le num\u00e9ro\u00a06. Une \u00e9ventualit\u00e9 qui avait cependant \u00e9t\u00e9 anticip\u00e9e par le staff girondin puisque l\u2019ancien Biarrot s\u2019\u00e9tait plac\u00e9 avec les titulaires lors de la mise en place vendredi.<\/p>\n","protected":false},"excerpt":{"rendered":"Le staff de l\u2019Union Bordeaux-B\u00e8gles a effectu\u00e9 un changement dans sa composition d\u2019\u00e9quipe pour affronter La\u00a0Rochelle ce samedi&hellip;\n","protected":false},"author":2,"featured_media":371294,"comment_status":"","ping_status":"","sticky":false,"template":"","format":"standard","meta":{"footnotes":""},"categories":[2817],"tags":[1111,11,1997,1777,674,1011,27,12,2219,25],"class_list":{"0":"post-371293","1":"post","2":"type-post","3":"status-publish","4":"format-standard","5":"has-post-thumbnail","7":"category-bordeaux","8":"tag-actu","9":"tag-actualites","10":"tag-bordeaux","11":"tag-eu","12":"tag-europe","13":"tag-fr","14":"tag-france","15":"tag-news","16":"tag-nouvelle-aquitaine","17":"tag-republique-francaise"},"share_on_mastodon":{"url":"https:\/\/pubeurope.com\/@fr\/115158944629708738","error":""},"_links":{"self":[{"href":"https:\/\/www.europesays.com\/fr\/wp-json\/wp\/v2\/posts\/371293","targetHints":{"allow":["GET"]}}],"collection":[{"href":"https:\/\/www.europesays.com\/fr\/wp-json\/wp\/v2\/posts"}],"about":[{"href":"https:\/\/www.europesays.com\/fr\/wp-json\/wp\/v2\/types\/post"}],"author":[{"embeddable":true,"href":"https:\/\/www.europesays.com\/fr\/wp-json\/wp\/v2\/users\/2"}],"replies":[{"embeddable":true,"href":"https:\/\/www.europesays.com\/fr\/wp-json\/wp\/v2\/comments?post=371293"}],"version-history":[{"count":0,"href":"https:\/\/www.europesays.com\/fr\/wp-json\/wp\/v2\/posts\/371293\/revisions"}],"wp:featuredmedia":[{"embeddable":true,"href":"https:\/\/www.europesays.com\/fr\/wp-json\/wp\/v2\/media\/371294"}],"wp:attachment":[{"href":"https:\/\/www.europesays.com\/fr\/wp-json\/wp\/v2\/media?parent=371293"}],"wp:term":[{"taxonomy":"category","embeddable":true,"href":"https:\/\/www.europesays.com\/fr\/wp-json\/wp\/v2\/categories?post=371293"},{"taxonomy":"post_tag","embeddable":true,"href":"https:\/\/www.europesays.com\/fr\/wp-json\/wp\/v2\/tags?post=371293"}],"curies":[{"name":"wp","href":"https:\/\/api.w.org\/{rel}","templated":true}]}}