{"id":371295,"date":"2025-09-06T19:13:11","date_gmt":"2025-09-06T19:13:11","guid":{"rendered":"https:\/\/www.europesays.com\/fr\/371295\/"},"modified":"2025-09-06T19:13:11","modified_gmt":"2025-09-06T19:13:11","slug":"face-a-la-baisse-des-subventions-le-theatre-du-pave-annonce-des-changements-importants","status":"publish","type":"post","link":"https:\/\/www.europesays.com\/fr\/371295\/","title":{"rendered":"Face \u00e0 la baisse des subventions, le Th\u00e9\u00e2tre du Pav\u00e9 annonce des changements importants"},"content":{"rendered":"<p>Un secteur culturel fragilis\u00e9. \u00c0 <a href=\"https:\/\/lopinion.com\/articles\/actualite\/actualites-haute-garonne\" rel=\"noopener noreferrer nofollow\" target=\"_blank\">Toulouse<\/a>, les th\u00e9\u00e2tres n\u2019\u00e9chappent pas au <strong>recul des aides des collectivit\u00e9s<\/strong>. \u00ab\u00a0Au Th\u00e9\u00e2tre du Pav\u00e9, nous perdons 20 % de notre subvention de la Ville allou\u00e9e au fonctionnement de l\u2019association et 18 % de celle du D\u00e9partement pour le soutien \u00e0 la programmation artistique\u00a0\u00bb, d\u00e9taille la structure sur les r\u00e9seaux sociaux. Concr\u00e8tement, ce fl\u00e9chissement repr\u00e9sente <strong>46.000 \u20ac de baisse<\/strong>, soit plus de 10 % du budget annuel du Th\u00e9\u00e2tre du Pav\u00e9.<\/p>\n<p>Dans ce contexte, le lieu culturel s\u2019est vu oblig\u00e9 de <strong>mettre en place une s\u00e9rie de changements<\/strong> pour fa\u00e7onner sa saison 2025\/2026. \u00ab\u00a0On a d\u00fb faire des choix difficiles mais nous avons fait en sorte que ces concessions n\u2019affectent ni le projet artistique ni le choix des spectacles\u00a0\u00bb, assure la sc\u00e8ne toulousaine.<\/p>\n<p>Fin des r\u00e9servations par mail et t\u00e9l\u00e9phone<\/p>\n<p>Parmi ces \u00ab\u00a0choix difficiles\u00a0\u00bb, le Th\u00e9\u00e2tre du Pav\u00e9 mentionne une <strong>diminution des effectifs<\/strong>. Cette r\u00e9duction du personnel entra\u00eene une modification du processus de r\u00e9servation, d\u00e9sormais simplifi\u00e9. Le public ne peut plus <strong>prendre ses places par t\u00e9l\u00e9phone ou par mail<\/strong>, mais directement sur le site internet du Pav\u00e9, ainsi que sa billetterie Festik et autres points de vente en ligne.<\/p>\n<p>\u00ab\u00a0L\u2019id\u00e9e, c\u2019est d\u2019acheter les places en avance, cela vous permettra de rentrer directement en salle sans passer par la billetterie\u00a0\u00bb, pr\u00e9cise la structure. Cependant, il sera toujours possible d\u2019<strong>acheter son billet sur place<\/strong>, soit en journ\u00e9e au bureau du th\u00e9\u00e2tre (du lundi au vendredi entre 14 heures et 18 heures), soit les soirs de repr\u00e9sentations (ouverture de la billetterie une heure avant le d\u00e9but du spectacle).<\/p>\n<p>Des tarifs (un peu) plus \u00e9lev\u00e9s<\/p>\n<p>Toujours dans une optique de \u00ab\u00a0survie budg\u00e9taire\u00a0\u00bb, la sc\u00e8ne toulousaine annonce une augmentation de ses tarifs, <strong>\u00e0 hauteur d\u2019un euro<\/strong>. Par exemple, le tarif plein passe donc \u00e0 21 \u20ac. \u00c0 noter que le Pav\u00e9 a recours au minimum garanti pour assurer une r\u00e9mun\u00e9ration d\u00e9cente aux artistes accueillis. Le concept est simple\u00a0: le th\u00e9\u00e2tre donne la moiti\u00e9 de la recette de la billetterie \u00e0 la compagnie, mais si ces 50 % ne couvrent pas les cachets de tous les artistes au plateau, <strong>la structure vient compl\u00e9ter le montant<\/strong>.<\/p>\n<p>Le Carnet Pav\u00e9 prend la rel\u00e8ve des carnets Plein Feux<\/p>\n<p>En parall\u00e8le, l\u2019\u00e9quipe annonce <strong>la sortie progressive du r\u00e9seau Plein Feux<\/strong>, pourtant tr\u00e8s pris\u00e9 des spectateurs. \u00ab\u00a0Cela signifie que vous ne pourrez plus acheter de carnets Plein Feux \u00e0 l\u2019accueil du Pav\u00e9\u00a0\u00bb, traduit le th\u00e9\u00e2tre. En revanche, le lieu culturel annonce le <strong>lancement du Carnet Pav\u00e9<\/strong>\u00a0: un carnet non nominatif, valable toute l\u2019ann\u00e9e et vendu sur la plateforme Festik.<\/p>\n<p>Avec cette nouvelle offre, trois places reviennent \u00e0 48 \u20ac et cinq billets co\u00fbtent 80 \u20ac. En somme, le spectateur paye donc <strong>16 \u20ac par place au lieu de 21 \u20ac<\/strong>. \u00ab\u00a0Encore et toujours\u00a0: h\u00e2te de vous retrouver\u00a0!\u00a0\u00bb, conclut le th\u00e9\u00e2tre dans un post Instagram.\u00a0<\/p>\n<p>&gt;&gt; \u00c0 LIRE AUSSI : <a href=\"https:\/\/lopinion.com\/articles\/culture\/30055_toulouse-condamne-destruction-le-hangar-cette-saison\" rel=\"noopener noreferrer nofollow\" target=\"_blank\">Toulouse : condamn\u00e9 \u00e0 la destruction, que va proposer le th\u00e9\u00e2tre Le Hangar cette saison ?<\/a><\/p>\n","protected":false},"excerpt":{"rendered":"Un secteur culturel fragilis\u00e9. \u00c0 Toulouse, les th\u00e9\u00e2tres n\u2019\u00e9chappent pas au recul des aides des collectivit\u00e9s. \u00ab\u00a0Au Th\u00e9\u00e2tre&hellip;\n","protected":false},"author":2,"featured_media":371296,"comment_status":"","ping_status":"","sticky":false,"template":"","format":"standard","meta":{"footnotes":""},"categories":[2816],"tags":[1111,11,1777,674,1011,27,12,2680,25,2312],"class_list":{"0":"post-371295","1":"post","2":"type-post","3":"status-publish","4":"format-standard","5":"has-post-thumbnail","7":"category-toulouse","8":"tag-actu","9":"tag-actualites","10":"tag-eu","11":"tag-europe","12":"tag-fr","13":"tag-france","14":"tag-news","15":"tag-occitanie","16":"tag-republique-francaise","17":"tag-toulouse"},"share_on_mastodon":{"url":"https:\/\/pubeurope.com\/@fr\/115158948634920365","error":""},"_links":{"self":[{"href":"https:\/\/www.europesays.com\/fr\/wp-json\/wp\/v2\/posts\/371295","targetHints":{"allow":["GET"]}}],"collection":[{"href":"https:\/\/www.europesays.com\/fr\/wp-json\/wp\/v2\/posts"}],"about":[{"href":"https:\/\/www.europesays.com\/fr\/wp-json\/wp\/v2\/types\/post"}],"author":[{"embeddable":true,"href":"https:\/\/www.europesays.com\/fr\/wp-json\/wp\/v2\/users\/2"}],"replies":[{"embeddable":true,"href":"https:\/\/www.europesays.com\/fr\/wp-json\/wp\/v2\/comments?post=371295"}],"version-history":[{"count":0,"href":"https:\/\/www.europesays.com\/fr\/wp-json\/wp\/v2\/posts\/371295\/revisions"}],"wp:featuredmedia":[{"embeddable":true,"href":"https:\/\/www.europesays.com\/fr\/wp-json\/wp\/v2\/media\/371296"}],"wp:attachment":[{"href":"https:\/\/www.europesays.com\/fr\/wp-json\/wp\/v2\/media?parent=371295"}],"wp:term":[{"taxonomy":"category","embeddable":true,"href":"https:\/\/www.europesays.com\/fr\/wp-json\/wp\/v2\/categories?post=371295"},{"taxonomy":"post_tag","embeddable":true,"href":"https:\/\/www.europesays.com\/fr\/wp-json\/wp\/v2\/tags?post=371295"}],"curies":[{"name":"wp","href":"https:\/\/api.w.org\/{rel}","templated":true}]}}