{"id":371301,"date":"2025-09-06T19:16:16","date_gmt":"2025-09-06T19:16:16","guid":{"rendered":"https:\/\/www.europesays.com\/fr\/371301\/"},"modified":"2025-09-06T19:16:16","modified_gmt":"2025-09-06T19:16:16","slug":"quand-bonnes-affaires-riment-avec-bonne-humeur","status":"publish","type":"post","link":"https:\/\/www.europesays.com\/fr\/371301\/","title":{"rendered":"quand bonnes affaires riment avec bonne humeur"},"content":{"rendered":"<p>            lire plus tard<\/p>\n<p id=\"dialog__title\" class=\"dialog__title\">Pour sauvegarder cet article, connectez-vous ou cr\u00e9ez un compte franceinfo<\/p>\n<p class=\"dialog__description\">Sans paiement. Sans abonnement.<\/p>\n<p>        Fermer la fen\u00eatre d\u2019activation des notifications France Info<\/p>\n<p>            cr\u00e9er votre compte<\/p>\n<p>            se connecter<\/p>\n<p>        Fermer la fen\u00eatre de pr\u00e9sentation<\/p>\n<p>    Publi\u00e9 le 06\/09\/2025 20:52<\/p>\n<p>        Temps de lecture : 1min &#8211; vid\u00e9o : 2min<\/p>\n<p>    <img decoding=\"async\" class=\"francetv-player-wrapper__image\" alt=\"Braderie de Lille : quand bonnes affaires riment avec bonne humeur\"  width=\"432\" height=\"243\" src=\"https:\/\/www.europesays.com\/fr\/wp-content\/uploads\/2025\/09\/htrhryh-68bc828469331743075767.png\" fetchpriority=\"high\"\/><\/p>\n<p>              Braderie de Lille : quand bonnes affaires riment avec bonne humeur<br \/>\n                    (France 2)<\/p>\n<p>      2min<\/p>\n<p>\n  Au c\u0153ur de la braderie de Lille, il faut parfois tendre l\u2019oreille pour d\u00e9nicher la perle rare. Entre 6 000 exposants, ambiance festive, bonnes affaires et tradition des moules-frites, visiteurs fid\u00e8les ou novices se laissent porter par l\u2019\u00e9nergie unique de ce rendez-vous incontournable.\n<\/p>\n<p><strong>Ce texte correspond \u00e0 une partie de la retranscription du reportage ci-dessus. Cliquez sur la vid\u00e9o pour la regarder en int\u00e9gralit\u00e9.<\/strong><\/p>\n<p>Au milieu de la foule, pour faire de bonnes affaires, il faut parfois tendre l&rsquo;oreille. \u00ab\u00a0La musique m&rsquo;a guid\u00e9e et je me suis arr\u00eat\u00e9e. Et l\u00e0, j&rsquo;ai vu ce petit tableau que j&rsquo;aime beaucoup. C&rsquo;est tout l&rsquo;int\u00e9r\u00eat de la braderie\u00a0\u00bb, raconte une visiteuse.<\/p>\n<p>\u00c0 Lille (Nord), <a href=\"https:\/\/france3-regions.franceinfo.fr\/hauts-de-france\/nord-0\/lille\/braderie-de-lille-2025-melenchon-tondelier-deslandes-spillebout-candidats-aux-elections-municipales-ce-qu-il-faut-retenir-de-leurs-prises-de-parole-3212414.html\" data-tooltip-url=\"https:\/\/france3-regions.franceinfo.fr\/hauts-de-france\/nord-0\/lille\/braderie-de-lille-2025-melenchon-tondelier-deslandes-spillebout-candidats-aux-elections-municipales-ce-qu-il-faut-retenir-de-leurs-prises-de-parole-3212414.html\" rel=\"nofollow noopener\" target=\"_blank\">la braderie g\u00e9ante impose de se faufiler <\/a>pas \u00e0 pas entre les 6 000 exposants. Certains proposent bibelots et v\u00eatements, d\u2019autres misent sur des stands plus insolites pour gagner quelques euros. Dans les rues, une ambiance festive domine : sourires, bonne humeur et surtout bonnes affaires.<\/p>\n<p>V\u00eatue de son serre-t\u00eate \u00e0 paillettes, Herminie, une habitu\u00e9e de la braderie, a envie de tout acheter : \u00ab\u00a0C&rsquo;est magnifique, vraiment. Dans ma maison, j&rsquo;ai plein de choses que j&rsquo;ai achet\u00e9es \u00e0 la braderie. Et \u00e0 chaque fois, je le montre aux gens, je dis : Mais c&rsquo;est magnifique. Je dis : Bah oui, j&rsquo;ai achet\u00e9 \u00e0 Lille.\u00a0\u00bb<\/p>\n<p>Mais pour trouver son bonheur, il faut \u00eatre patient\u2026 puis savoir n\u00e9gocier. Ce jour-l\u00e0, un couple venu de Lyon participe \u00e0 sa premi\u00e8re braderie : \u00ab\u00a0\u00c7a met la p\u00eache, ils ont le sourire, ils ont la frite\u00a0\u00bb, expliquent-ils, enthousiastes.<\/p>\n<p>Et la frite, \u00e0 la braderie, ce n\u2019est pas qu\u2019une expression. Elle est aussi bien pr\u00e9sente dans les assiettes, accompagn\u00e9e de moules : 500 tonnes \u00e9coul\u00e9es pendant le week-end.<\/p>\n<p>Un moment convivial qui se poursuivra jusqu\u2019\u00e0 demain soir.<\/p>\n","protected":false},"excerpt":{"rendered":"lire plus tard Pour sauvegarder cet article, connectez-vous ou cr\u00e9ez un compte franceinfo Sans paiement. Sans abonnement. Fermer&hellip;\n","protected":false},"author":2,"featured_media":371302,"comment_status":"","ping_status":"","sticky":false,"template":"","format":"standard","meta":{"footnotes":""},"categories":[2815],"tags":[1111,11,1777,674,1011,27,811,1307,12,25],"class_list":{"0":"post-371301","1":"post","2":"type-post","3":"status-publish","4":"format-standard","5":"has-post-thumbnail","7":"category-lille","8":"tag-actu","9":"tag-actualites","10":"tag-eu","11":"tag-europe","12":"tag-fr","13":"tag-france","14":"tag-hauts-de-france","15":"tag-lille","16":"tag-news","17":"tag-republique-francaise"},"share_on_mastodon":{"url":"https:\/\/pubeurope.com\/@fr\/115158960338542740","error":""},"_links":{"self":[{"href":"https:\/\/www.europesays.com\/fr\/wp-json\/wp\/v2\/posts\/371301","targetHints":{"allow":["GET"]}}],"collection":[{"href":"https:\/\/www.europesays.com\/fr\/wp-json\/wp\/v2\/posts"}],"about":[{"href":"https:\/\/www.europesays.com\/fr\/wp-json\/wp\/v2\/types\/post"}],"author":[{"embeddable":true,"href":"https:\/\/www.europesays.com\/fr\/wp-json\/wp\/v2\/users\/2"}],"replies":[{"embeddable":true,"href":"https:\/\/www.europesays.com\/fr\/wp-json\/wp\/v2\/comments?post=371301"}],"version-history":[{"count":0,"href":"https:\/\/www.europesays.com\/fr\/wp-json\/wp\/v2\/posts\/371301\/revisions"}],"wp:featuredmedia":[{"embeddable":true,"href":"https:\/\/www.europesays.com\/fr\/wp-json\/wp\/v2\/media\/371302"}],"wp:attachment":[{"href":"https:\/\/www.europesays.com\/fr\/wp-json\/wp\/v2\/media?parent=371301"}],"wp:term":[{"taxonomy":"category","embeddable":true,"href":"https:\/\/www.europesays.com\/fr\/wp-json\/wp\/v2\/categories?post=371301"},{"taxonomy":"post_tag","embeddable":true,"href":"https:\/\/www.europesays.com\/fr\/wp-json\/wp\/v2\/tags?post=371301"}],"curies":[{"name":"wp","href":"https:\/\/api.w.org\/{rel}","templated":true}]}}