{"id":371303,"date":"2025-09-06T19:17:10","date_gmt":"2025-09-06T19:17:10","guid":{"rendered":"https:\/\/www.europesays.com\/fr\/371303\/"},"modified":"2025-09-06T19:17:10","modified_gmt":"2025-09-06T19:17:10","slug":"la-grande-braderie-une-bouffee-dair-frais-pour-le-centre-ville-de-marseille","status":"publish","type":"post","link":"https:\/\/www.europesays.com\/fr\/371303\/","title":{"rendered":"La grande braderie, une bouff\u00e9e d\u2019air frais pour le centre-ville de Marseille"},"content":{"rendered":"<p>Dans le centre-ville de Marseille, 40 000 personnes, selon la Ville de Marseille, ont d\u00e9ambul\u00e9 \u00e0 la recherche de bonnes affaires. Et il y en avait, \u00e0 en juger par les files d\u2019attente parfois fournies, comme devant la boutique de la marque locale Gertrude, rue Paradis. Casquette noire sur la t\u00eate, Sam patiente depuis plus de deux heures. Parce que les prix sont cass\u00e9s ? \u00ab\u00a0Je ne sais pas, s\u2019amuse-t-il. J\u2019y vais pour mon petit. Moi, \u00e7a ne m\u2019int\u00e9resse pas.\u00a0\u00bb<\/p>\n<p>\u00ab\u00a0Des gens qui viennent de l\u2019ext\u00e9rieur de Marseille\u00a0\u00bb<\/p>\n<p>Le secteur de l\u2019Op\u00e9ra \u00e0 la rue de Rome en passant par Saint-F\u00e9 a \u00e9t\u00e9 pi\u00e9tonnis\u00e9 et rue de Rome, le tramway ne circule pas entre Canebi\u00e8re et Castellane. Ici, c\u2019est le r\u00e8gne des petits prix avec ses \u00e9tiquettes \u00ab\u00a0Tout \u00e0 10\u00a0\u20ac\u00a0\u00bb en pagaille.<\/p>\n<p>Plus bas, <a href=\"https:\/\/www.laprovence.com\/article\/region\/1532445690721614\/sezane-a-marseille-on-lattendait-depuis-un-moment-quand-la-marque-parisienne-fusionne-avec-lame-mediterraneenne\" target=\"_blank\" rel=\"nofollow noopener\">rue Davso<\/a>, des connaisseurs s\u2019affairent autour des parures de lit Linvosges. Aujourd\u2019hui, la collection d\u2019\u00e9t\u00e9 est \u00e0 moiti\u00e9 prix. \u00ab\u00a0\u00c7a fonctionne bien depuis que la ville a repris l\u2019organisation de l&#8230;<\/p>\n","protected":false},"excerpt":{"rendered":"Dans le centre-ville de Marseille, 40 000 personnes, selon la Ville de Marseille, ont d\u00e9ambul\u00e9 \u00e0 la recherche&hellip;\n","protected":false},"author":2,"featured_media":371304,"comment_status":"","ping_status":"","sticky":false,"template":"","format":"standard","meta":{"footnotes":""},"categories":[2814],"tags":[17,1111,11,50543,17804,50544,1777,674,1011,18943,27,4027,884,12,471,882,16,25,96],"class_list":{"0":"post-371303","1":"post","2":"type-post","3":"status-publish","4":"format-standard","5":"has-post-thumbnail","7":"category-marseille","8":"tag-17","9":"tag-actu","10":"tag-actualites","11":"tag-bouffee","12":"tag-braderie","13":"tag-dair","14":"tag-eu","15":"tag-europe","16":"tag-fr","17":"tag-frais","18":"tag-france","19":"tag-grande","20":"tag-marseille","21":"tag-news","22":"tag-pour","23":"tag-provence-alpes-cote-dazur","24":"tag-region","25":"tag-republique-francaise","26":"tag-une"},"share_on_mastodon":{"url":"https:\/\/pubeurope.com\/@fr\/115158964291381168","error":""},"_links":{"self":[{"href":"https:\/\/www.europesays.com\/fr\/wp-json\/wp\/v2\/posts\/371303","targetHints":{"allow":["GET"]}}],"collection":[{"href":"https:\/\/www.europesays.com\/fr\/wp-json\/wp\/v2\/posts"}],"about":[{"href":"https:\/\/www.europesays.com\/fr\/wp-json\/wp\/v2\/types\/post"}],"author":[{"embeddable":true,"href":"https:\/\/www.europesays.com\/fr\/wp-json\/wp\/v2\/users\/2"}],"replies":[{"embeddable":true,"href":"https:\/\/www.europesays.com\/fr\/wp-json\/wp\/v2\/comments?post=371303"}],"version-history":[{"count":0,"href":"https:\/\/www.europesays.com\/fr\/wp-json\/wp\/v2\/posts\/371303\/revisions"}],"wp:featuredmedia":[{"embeddable":true,"href":"https:\/\/www.europesays.com\/fr\/wp-json\/wp\/v2\/media\/371304"}],"wp:attachment":[{"href":"https:\/\/www.europesays.com\/fr\/wp-json\/wp\/v2\/media?parent=371303"}],"wp:term":[{"taxonomy":"category","embeddable":true,"href":"https:\/\/www.europesays.com\/fr\/wp-json\/wp\/v2\/categories?post=371303"},{"taxonomy":"post_tag","embeddable":true,"href":"https:\/\/www.europesays.com\/fr\/wp-json\/wp\/v2\/tags?post=371303"}],"curies":[{"name":"wp","href":"https:\/\/api.w.org\/{rel}","templated":true}]}}