{"id":371305,"date":"2025-09-06T19:18:14","date_gmt":"2025-09-06T19:18:14","guid":{"rendered":"https:\/\/www.europesays.com\/fr\/371305\/"},"modified":"2025-09-06T19:18:14","modified_gmt":"2025-09-06T19:18:14","slug":"om-accuse-a-tort-longoria-a-sauve-marseille","status":"publish","type":"post","link":"https:\/\/www.europesays.com\/fr\/371305\/","title":{"rendered":"OM : Accus\u00e9 \u00e0 tort, Longoria a sauv\u00e9 Marseille"},"content":{"rendered":"<p><strong>Fid\u00e8le \u00e0 sa strat\u00e9gie, Pablo Longoria a encore renouvel\u00e9 l\u2019effectif de l\u2019Olympique de Marseille cet \u00e9t\u00e9. Le pr\u00e9sident marseillais a op\u00e9r\u00e9 de nombreux changements et se retrouve \u00e0 nouveau accus\u00e9 d\u2019amener de l\u2019instabilit\u00e9 au club phoc\u00e9en. Des critiques injustifi\u00e9es si l\u2019on en croit certains chiffres.<\/strong><\/p>\n<p>Une chose est s\u00fbre, c\u2019est que les supporters de <a href=\"https:\/\/www.foot01.com\/equipe\/marseille\/\" target=\"_blank\" rel=\"noopener nofollow\">l\u2019Olympique de Marseille<\/a> ne s\u2019ennuient jamais pendant les p\u00e9riodes de transfert. En tant qu\u2019adepte du renouvellement d\u2019effectif, le pr\u00e9sident Pablo Longoria a encore op\u00e9r\u00e9 de nombreux changements cet \u00e9t\u00e9. Une strat\u00e9gie qui lasse certains fans comme Eric Di Meco. \u00ab Beaucoup de supporters se d\u00e9tournent de cette \u00e9quipe, constatait le consultant de RMC apr\u00e8s la fermeture du mercato. On n&rsquo;en peut plus. \u00bb<\/p>\n<p>L&rsquo;OM n&rsquo;est pas si instable<\/p>\n<p>\u00ab Comment tu peux t&rsquo;attacher \u00e0 une \u00e9quipe qui change 20 joueurs et des dirigeants qui te disent un truc et font le contraire ? Tu as l&rsquo;impression qu&rsquo;ils ne sont pas l\u00e0 pour les bonnes raisons, se plaignait l\u2019ancien Marseillais. Leur int\u00e9r\u00eat, c&rsquo;est de faire des transferts, ce n&rsquo;est pas que l&rsquo;\u00e9quipe progresse, nous fasse r\u00eaver et gagne. \u00bb En r\u00e9sum\u00e9, comme beaucoup d\u2019autres observateurs, Eric Di Meco reproche \u00e0 Pablo Longoria une certaine instabilit\u00e9 \u00e0 l\u2019Olympique de Marseille. Ce que contredisent certains chiffres relay\u00e9s par Sacha Nabet.<\/p>\n<p>Dans une vid\u00e9o sur le r\u00e9seau social X, le journaliste rappelle que le club phoc\u00e9en, depuis la nomination de l\u2019Espagnol en tant que pr\u00e9sident en f\u00e9vrier 2021, a conclu 174 mouvements (d\u00e9parts et arriv\u00e9es confondus). C\u2019est seulement le sixi\u00e8me total en Ligue 1 sur la p\u00e9riode derri\u00e8re Monaco (209), le Paris Saint-Germain (202), le Stade Rennais (200), l\u2019Olympique Lyonnais (192) et le Stade de Reims (188).<\/p>\n<blockquote class=\"twitter-tweet\"><p>&#13;<\/p>\n<p lang=\"fr\" dir=\"ltr\">L\u2019<a href=\"https:\/\/twitter.com\/hashtag\/OM?src=hash&amp;ref_src=twsrc%5Etfw\" rel=\"nofollow noopener\" target=\"_blank\">#OM<\/a> est-il vraiment un club instable ? <a href=\"https:\/\/twitter.com\/hashtag\/TeamOM?src=hash&amp;ref_src=twsrc%5Etfw\" rel=\"nofollow noopener\" target=\"_blank\">#TeamOM<\/a> <a href=\"https:\/\/t.co\/zmbXEqwwZM\" rel=\"nofollow\">pic.twitter.com\/zmbXEqwwZM<\/a><\/p>\n<p>&#13;<br \/>\n\u2014 Sacha Nabet (@SachaNabet) <a href=\"https:\/\/twitter.com\/SachaNabet\/status\/1963610612824457291?ref_src=twsrc%5Etfw\" rel=\"nofollow noopener\" target=\"_blank\">September 4, 2025<\/a><\/p><\/blockquote>\n<p>Notre confr\u00e8re, qui souligne les trois podiums atteints par les Marseillais en quatre saisons pleines sous Pablo Longoria, indique \u00e9galement que le dirigeant a nettement r\u00e9duit le d\u00e9ficit du club. Enfin, le pr\u00e9sident a contribu\u00e9 \u00e0 l\u2019augmentation de la valeur de l\u2019effectif. Estim\u00e9 \u00e0 247,95 millions d\u2019euros l\u2019ann\u00e9e de sa prise de pouvoir, le groupe \u00e9tait valoris\u00e9 \u00e0 311 millions d\u2019euros en 2023-2024. \u00ab Du coup, est-ce que vous pouvez m&rsquo;expliquer en quoi Longoria a cr\u00e9\u00e9 une instabilit\u00e9 \u00e0 l&rsquo;OM ? \u00bb, s\u2019interroge le sp\u00e9cialiste.<\/p>\n<p>          <script async src=\"https:\/\/platform.twitter.com\/widgets.js\" charset=\"utf-8\"><\/script><\/p>\n","protected":false},"excerpt":{"rendered":"Fid\u00e8le \u00e0 sa strat\u00e9gie, Pablo Longoria a encore renouvel\u00e9 l\u2019effectif de l\u2019Olympique de Marseille cet \u00e9t\u00e9. Le pr\u00e9sident&hellip;\n","protected":false},"author":2,"featured_media":371306,"comment_status":"","ping_status":"","sticky":false,"template":"","format":"standard","meta":{"footnotes":""},"categories":[2814],"tags":[1111,11,1777,674,1011,27,884,12,882,25],"class_list":{"0":"post-371305","1":"post","2":"type-post","3":"status-publish","4":"format-standard","5":"has-post-thumbnail","7":"category-marseille","8":"tag-actu","9":"tag-actualites","10":"tag-eu","11":"tag-europe","12":"tag-fr","13":"tag-france","14":"tag-marseille","15":"tag-news","16":"tag-provence-alpes-cote-dazur","17":"tag-republique-francaise"},"share_on_mastodon":{"url":"https:\/\/pubeurope.com\/@fr\/115158968232998580","error":""},"_links":{"self":[{"href":"https:\/\/www.europesays.com\/fr\/wp-json\/wp\/v2\/posts\/371305","targetHints":{"allow":["GET"]}}],"collection":[{"href":"https:\/\/www.europesays.com\/fr\/wp-json\/wp\/v2\/posts"}],"about":[{"href":"https:\/\/www.europesays.com\/fr\/wp-json\/wp\/v2\/types\/post"}],"author":[{"embeddable":true,"href":"https:\/\/www.europesays.com\/fr\/wp-json\/wp\/v2\/users\/2"}],"replies":[{"embeddable":true,"href":"https:\/\/www.europesays.com\/fr\/wp-json\/wp\/v2\/comments?post=371305"}],"version-history":[{"count":0,"href":"https:\/\/www.europesays.com\/fr\/wp-json\/wp\/v2\/posts\/371305\/revisions"}],"wp:featuredmedia":[{"embeddable":true,"href":"https:\/\/www.europesays.com\/fr\/wp-json\/wp\/v2\/media\/371306"}],"wp:attachment":[{"href":"https:\/\/www.europesays.com\/fr\/wp-json\/wp\/v2\/media?parent=371305"}],"wp:term":[{"taxonomy":"category","embeddable":true,"href":"https:\/\/www.europesays.com\/fr\/wp-json\/wp\/v2\/categories?post=371305"},{"taxonomy":"post_tag","embeddable":true,"href":"https:\/\/www.europesays.com\/fr\/wp-json\/wp\/v2\/tags?post=371305"}],"curies":[{"name":"wp","href":"https:\/\/api.w.org\/{rel}","templated":true}]}}