{"id":371307,"date":"2025-09-06T19:19:10","date_gmt":"2025-09-06T19:19:10","guid":{"rendered":"https:\/\/www.europesays.com\/fr\/371307\/"},"modified":"2025-09-06T19:19:10","modified_gmt":"2025-09-06T19:19:10","slug":"lyon-scenes-de-guerilla-urbaine-en-marge-dun-mariage-a-rillieux-la-pape","status":"publish","type":"post","link":"https:\/\/www.europesays.com\/fr\/371307\/","title":{"rendered":"Lyon : sc\u00e8nes de gu\u00e9rilla urbaine en marge d\u2019un mariage \u00e0 Rillieux-la-Pape"},"content":{"rendered":"<p>                                            Faits divers\n                                                                            <\/p>\n<p>\n                                            Alert\u00e9s par des tirs de mortiers d\u2019artifice provenant des v\u00e9hicules d\u2019un cort\u00e8ge de mariage, des agents de la police municipale sont intervenus mercredi 3 septembre en fin de matin\u00e9e \u00e0 Rillieux-la-Pape, pr\u00e8s de Lyon. La situation a d\u00e9g\u00e9n\u00e9r\u00e9 en pr\u00e9sence d\u2019une trentaine d\u2019individus. De nouveaux incidents ont \u00e9clat\u00e9 dans la soir\u00e9e, sans interpellation.                                        <\/p>\n<p>                                                Publi\u00e9 le 6 septembre 2025 \u00e0 20h36                                                                                            <\/p>\n<p>                                            <img loading=\"lazy\" width=\"1024\" height=\"731\" src=\"https:\/\/www.europesays.com\/fr\/wp-content\/uploads\/2025\/09\/SIPA_01218736_000006-1.jpg\" class=\"attachment-post-thumbnail size-post-thumbnail wp-post-image lazy\" alt=\"Des tirs de mortiers et des jets de projectiles ont vis\u00e9 les forces de l\u2019ordre dans le quartier de la Velette \u00a9 Christine Biau\/SIPA\" decoding=\"async\"  data-\/><\/p>\n<p>                                            Des tirs de mortiers et des jets de projectiles ont vis\u00e9 les forces de l\u2019ordre dans le quartier de la Velette \u00a9 Christine Biau\/SIPA<\/p>\n<p class=\"p1\">Alert\u00e9e de tirs de mortiers d\u2019artifice depuis des v\u00e9hicules participant \u00e0 un <a href=\"https:\/\/www.valeursactuelles.com\/regions\/auvergne-rhone-alpes\/rhone\/lyon\/faits-divers\/video-metropole-de-lyon-un-cortege-de-mariage-perturbe-la-circulation\" target=\"_blank\" rel=\"noopener\">cort\u00e8ge de mariage<\/a> \u00e0 Rillieux-la-Pape, <a href=\"https:\/\/www.valeursactuelles.com\/regions\/auvergne-rhone-alpes\/rhone\/lyon\/societe\/lyon-la-mairie-fait-installer-une-plaque-pour-la-commemoration-de-la-liberation-et-se-trompe-de-date\" target=\"_blank\" rel=\"noopener\">pr\u00e8s de Lyon<\/a>, la police municipale s\u2019est rendue sur place pour proc\u00e9der \u00e0 des verbalisations, conform\u00e9ment \u00e0 la charte encadrant ce type d\u2019\u00e9v\u00e9nements. Le ton est rapidement mont\u00e9 avec des proches et des jeunes du quartier venus se m\u00ealer, reprochant aux agents de \u00ab g\u00e2cher \u00bb la f\u00eate. Face \u00e0 une trentaine d\u2019individus belliqueux, les policiers municipaux ont fait usage de gaz lacrymog\u00e8ne pour disperser le groupe, rapporte <a href=\"https:\/\/www.lyonmag.com\/article\/146524\/pres-de-lyon-la-police-verbalise-un-cortege-de-mariage-des-jeunes-du-quartier-s-en-melent\" target=\"_blank\" rel=\"nofollow noopener\">Lyon Mag<\/a> le 5 septembre.<\/p>\n<p><a href=\"https:\/\/www.valeursactuelles.com\/politique\/dun-cote-la-france-des-heros-et-de-lautre-la-france-des-salauds-bruno-retailleau-denonce-les-tirs-de-mortiers-visant-des-policiers\" class=\"h-flex h-align-items-center h-border-tb h-ptb-15\" target=\"_blank\" rel=\"noopener\">A\u00a0LIRE\u00a0\u00ab D\u2019un c\u00f4t\u00e9 la France des h\u00e9ros et de l\u2019autre, la France des salauds \u00bb : Bruno Retailleau d\u00e9nonce les tirs de mortiers visant des policiers<\/a><\/p>\n<p class=\"p1\">Dans la soir\u00e9e, des <a href=\"https:\/\/www.valeursactuelles.com\/regions\/auvergne-rhone-alpes\/rhone\/lyon\/faits-divers\/lyon-un-incendie-se-declare-a-la-suite-de-tirs-de-mortiers-lors-dun-mariage\" target=\"_blank\" rel=\"noopener\">tirs de mortiers<\/a> et des jets de projectiles ont vis\u00e9 les forces de l\u2019ordre dans le quartier de la Velette, en repr\u00e9sailles pr\u00e9sum\u00e9es aux verbalisations du matin. Aucun bless\u00e9 n\u2019a \u00e9t\u00e9 signal\u00e9, et aucune interpellation n\u2019a eu lieu, ni en journ\u00e9e ni en soir\u00e9e, selon les premiers \u00e9l\u00e9ments.<\/p>\n<p>Des v\u00e9rifications en cours<\/p>\n<p class=\"p1\">Les autorit\u00e9s locales rappellent l\u2019interdiction des tirs de mortiers sur la voie publique ainsi que le cadre fix\u00e9 par la charte municipale pour les cort\u00e8ges de mariage. Des v\u00e9rifications sont en cours afin d\u2019identifier les auteurs des d\u00e9gradations et des violences.<\/p>\n","protected":false},"excerpt":{"rendered":"Faits divers Alert\u00e9s par des tirs de mortiers d\u2019artifice provenant des v\u00e9hicules d\u2019un cort\u00e8ge de mariage, des agents&hellip;\n","protected":false},"author":2,"featured_media":371308,"comment_status":"","ping_status":"","sticky":false,"template":"","format":"standard","meta":{"footnotes":""},"categories":[1889],"tags":[1111,11,2430,1777,674,1011,27,35535,2428,1930,38448,12,25],"class_list":{"0":"post-371307","1":"post","2":"type-post","3":"status-publish","4":"format-standard","5":"has-post-thumbnail","7":"category-lyon","8":"tag-actu","9":"tag-actualites","10":"tag-auvergne-rhone-alpes","11":"tag-eu","12":"tag-europe","13":"tag-fr","14":"tag-france","15":"tag-incident","16":"tag-lyon","17":"tag-mariage","18":"tag-mortier","19":"tag-news","20":"tag-republique-francaise"},"share_on_mastodon":{"url":"https:\/\/pubeurope.com\/@fr\/115158972464298401","error":""},"_links":{"self":[{"href":"https:\/\/www.europesays.com\/fr\/wp-json\/wp\/v2\/posts\/371307","targetHints":{"allow":["GET"]}}],"collection":[{"href":"https:\/\/www.europesays.com\/fr\/wp-json\/wp\/v2\/posts"}],"about":[{"href":"https:\/\/www.europesays.com\/fr\/wp-json\/wp\/v2\/types\/post"}],"author":[{"embeddable":true,"href":"https:\/\/www.europesays.com\/fr\/wp-json\/wp\/v2\/users\/2"}],"replies":[{"embeddable":true,"href":"https:\/\/www.europesays.com\/fr\/wp-json\/wp\/v2\/comments?post=371307"}],"version-history":[{"count":0,"href":"https:\/\/www.europesays.com\/fr\/wp-json\/wp\/v2\/posts\/371307\/revisions"}],"wp:featuredmedia":[{"embeddable":true,"href":"https:\/\/www.europesays.com\/fr\/wp-json\/wp\/v2\/media\/371308"}],"wp:attachment":[{"href":"https:\/\/www.europesays.com\/fr\/wp-json\/wp\/v2\/media?parent=371307"}],"wp:term":[{"taxonomy":"category","embeddable":true,"href":"https:\/\/www.europesays.com\/fr\/wp-json\/wp\/v2\/categories?post=371307"},{"taxonomy":"post_tag","embeddable":true,"href":"https:\/\/www.europesays.com\/fr\/wp-json\/wp\/v2\/tags?post=371307"}],"curies":[{"name":"wp","href":"https:\/\/api.w.org\/{rel}","templated":true}]}}