{"id":371309,"date":"2025-09-06T19:20:15","date_gmt":"2025-09-06T19:20:15","guid":{"rendered":"https:\/\/www.europesays.com\/fr\/371309\/"},"modified":"2025-09-06T19:20:15","modified_gmt":"2025-09-06T19:20:15","slug":"coup-parfait-de-pau-carton-de-lyon-bayonne-historique","status":"publish","type":"post","link":"https:\/\/www.europesays.com\/fr\/371309\/","title":{"rendered":"coup parfait de Pau, carton de Lyon, Bayonne historique"},"content":{"rendered":"<p>Suite de la premi\u00e8re journ\u00e9e du Top 14 ce samedi apr\u00e8s-midi, avec les victoires de Bayonne, Pau et du Lou.<\/p>\n<p class=\"fig-paragraph\">Du suspense \u00e0 Pau, moins \u00e0 Lyon. La Section paloise s\u2019est impos\u00e9e 17-15 \u00e0 Castres ce samedi, lors de\u00a0<a href=\"https:\/\/www.lefigaro.fr\/sports\/rugby\/top-14\/calendrier-resultats?journee=1\" target=\"_blank\" rel=\"sponsored noopener\" data-gtm-custom-categorie=\"navigation\" data-gtm-custom-action=\"crossclick\" data-gtm-custom-label=\"Contextuel\" data-gtm-event=\"customEventSPE\">la premi\u00e8re journ\u00e9e du Top 14<\/a>. Trop d\u2019erreurs pour les locaux, sanctionn\u00e9s devant leur public. Dans le m\u00eame temps, le Lou n\u2019a fait qu\u2019une bouch\u00e9e du Racing 92 (32-7), avec le bonus offensif en prime. Avant cela, on avait assist\u00e9 \u00e0\u00a0<a href=\"http:\/\/www.lefigaro.fr\/sports\/rugby\/top-14\/top-14-bayonne-s-impose-a-perpignan-premiere-depuis-1970-20250906\" data-fig-type=\"NewsFlash\" data-gtm-custom-categorie=\"navigation\" data-gtm-custom-action=\"crossclick\" data-gtm-custom-label=\"Contextuel\" data-gtm-event=\"customEventSPE\" data-fig-domain=\"LEFIGARO\" target=\"_blank\" rel=\"noopener\">la victoire de Bayonne \u00e0 Perpignan (19-26)<\/a>. Rappelons que\u00a0<a href=\"http:\/\/www.lefigaro.fr\/sports\/rugby\/top-14\/stade-francais-montauban-louis-carbonel-en-feu-l-inconstance-des-parisiens-et-les-recrues-a-l-honneur-les-tops-flops-20250906\" data-fig-type=\"NewsFlash\" data-gtm-custom-categorie=\"navigation\" data-gtm-custom-action=\"crossclick\" data-gtm-custom-label=\"Contextuel\" data-gtm-event=\"customEventSPE\" data-fig-domain=\"LEFIGARO\" target=\"_blank\" rel=\"noopener\">le Stade fran\u00e7ais a dispos\u00e9 de Montauban (47-24)<\/a>\u00a0en lev\u00e9e de rideau. \u00c0 suivre, Montpellier face \u00e0 Toulon (19h) et UBB-La Rochelle (21h).<\/p>\n<p>Bayonne se paye enfin l\u2019Usap<\/p>\n<p class=\"fig-paragraph\">Depuis la saison 1970-71, ann\u00e9e de sa derni\u00e8re victoire \u00e0 Aim\u00e9-Giral, l\u2019Aviron Bayonnais voyait d\u2019un mauvais oeil les d\u00e9placements en Catalogne se profiler. Au terme d\u2019un match d\u00e9brid\u00e9, les Basques, demi-finalistes en juin, ont pris le meilleur sur des Perpignanais inconstants (26-19) et chassent un peu les nuages apparus cet \u00e9t\u00e9 pour des tensions dans l\u2019organigramme. Bayonne a su se montrer plus patient face aux fulgurances catalanes, incarn\u00e9es par les deux essais inscrits juste avant la pause pour prendre l\u2019avantage. Mais le 2\/5 face aux perches du buteur de l\u2019Usap Tristan Tedder et la solidit\u00e9 bayonnaise permettent aux hommes de Gr\u00e9gory Patat de repartir avec quatre points.<\/p>\n<p>                                    <a class=\"fig-a11y-skip a11y-hidden\" href=\"#fig-a11y-skip-main-inarticle\"><br \/>\n        Passer la publicit\u00e9<br \/>\n    <\/a><\/p>\n<p>L\u2019entame id\u00e9ale de Lyon<\/p>\n<p class=\"fig-paragraph\">Le LOU n\u2019a fait qu\u2019une bouch\u00e9e du Racing 92 en balayant les Franciliens 32-7 \u00e0 Gerland. Les Lyonnais ont fait la diff\u00e9rence en d\u00e9but de partie gr\u00e2ce \u00e0 des essais d\u2019Allen, Geraci et Cassang. Dans le deuxi\u00e8me acte, les Rhodaniens ont pu g\u00e9rer, alourdissant quelque peu le score gr\u00e2ce \u00e0 une nouvelle r\u00e9alisation de Dylan Cretin, synonyme de bonus offensif.<\/p>\n<p>Le joli coup de Pau<\/p>\n<p class=\"fig-paragraph\">La Section paloise a de son c\u00f4t\u00e9 r\u00e9alis\u00e9 un joli coup en allant s\u2019imposer \u00e0 Castres 17-15. Les Palois, candidats d\u00e9clar\u00e9s \u00e0 la qualification en phase finale en fin de saison, l\u2019ont emport\u00e9 \u00e0 Pierre-Fabre o\u00f9 le CO n\u2019avait plus perdu depuis le mois de d\u00e9cembre 2024, contre Bordeaux-B\u00e8gles. Les B\u00e9arnais ont pu s\u2019appuyer sur la botte fiable de leur buteur Joe Simmonds, meilleur r\u00e9alisateur du championnat l\u2019an dernier et encore auteur de 12 points samedi. Une r\u00e9ussite qui a maintenu sa formation en t\u00eate durant tout le match, avant que l\u2019arri\u00e8re Jack Maddocks ne vienne porter le coup de gr\u00e2ce avec un essai \u00e0 la 74e.<\/p>\n<p class=\"fig-paragraph\"><strong>\u00c0 VOIR AUSSI &#8211; <\/strong>\u00c9quipe de France\u00a0: les bizutages d\u2019Hugo Ekitike et Maghnes Akliouche<\/p>\n","protected":false},"excerpt":{"rendered":"Suite de la premi\u00e8re journ\u00e9e du Top 14 ce samedi apr\u00e8s-midi, avec les victoires de Bayonne, Pau et&hellip;\n","protected":false},"author":2,"featured_media":371310,"comment_status":"","ping_status":"","sticky":false,"template":"","format":"standard","meta":{"footnotes":""},"categories":[1889],"tags":[1111,11,2430,7336,1777,674,1011,27,9216,2428,12,5421,25,12098,478],"class_list":{"0":"post-371309","1":"post","2":"type-post","3":"status-publish","4":"format-standard","5":"has-post-thumbnail","7":"category-lyon","8":"tag-actu","9":"tag-actualites","10":"tag-auvergne-rhone-alpes","11":"tag-castres-olympique","12":"tag-eu","13":"tag-europe","14":"tag-fr","15":"tag-france","16":"tag-lou","17":"tag-lyon","18":"tag-news","19":"tag-racing-92","20":"tag-republique-francaise","21":"tag-section-paloise","22":"tag-top-14"},"share_on_mastodon":{"url":"https:\/\/pubeurope.com\/@fr\/115158975947652497","error":""},"_links":{"self":[{"href":"https:\/\/www.europesays.com\/fr\/wp-json\/wp\/v2\/posts\/371309","targetHints":{"allow":["GET"]}}],"collection":[{"href":"https:\/\/www.europesays.com\/fr\/wp-json\/wp\/v2\/posts"}],"about":[{"href":"https:\/\/www.europesays.com\/fr\/wp-json\/wp\/v2\/types\/post"}],"author":[{"embeddable":true,"href":"https:\/\/www.europesays.com\/fr\/wp-json\/wp\/v2\/users\/2"}],"replies":[{"embeddable":true,"href":"https:\/\/www.europesays.com\/fr\/wp-json\/wp\/v2\/comments?post=371309"}],"version-history":[{"count":0,"href":"https:\/\/www.europesays.com\/fr\/wp-json\/wp\/v2\/posts\/371309\/revisions"}],"wp:featuredmedia":[{"embeddable":true,"href":"https:\/\/www.europesays.com\/fr\/wp-json\/wp\/v2\/media\/371310"}],"wp:attachment":[{"href":"https:\/\/www.europesays.com\/fr\/wp-json\/wp\/v2\/media?parent=371309"}],"wp:term":[{"taxonomy":"category","embeddable":true,"href":"https:\/\/www.europesays.com\/fr\/wp-json\/wp\/v2\/categories?post=371309"},{"taxonomy":"post_tag","embeddable":true,"href":"https:\/\/www.europesays.com\/fr\/wp-json\/wp\/v2\/tags?post=371309"}],"curies":[{"name":"wp","href":"https:\/\/api.w.org\/{rel}","templated":true}]}}