{"id":371311,"date":"2025-09-06T19:22:16","date_gmt":"2025-09-06T19:22:16","guid":{"rendered":"https:\/\/www.europesays.com\/fr\/371311\/"},"modified":"2025-09-06T19:22:16","modified_gmt":"2025-09-06T19:22:16","slug":"prix-de-limmobilier-en-seine-et-marne-premiere-sur-la-reprise-marne-la-vallee-a-retrouve-des-couleurs","status":"publish","type":"post","link":"https:\/\/www.europesays.com\/fr\/371311\/","title":{"rendered":"Prix de l\u2019immobilier en Seine-et-Marne\u00a0: premi\u00e8re sur la reprise, Marne-la-Vall\u00e9e a \u00ab\u00a0retrouv\u00e9 des couleurs\u00a0\u00bb"},"content":{"rendered":"<p class=\"paragraph text_align_left lp-f-body-02\">\u00ab Depuis un an, on a retrouv\u00e9 des couleurs. \u00bb Comme Gr\u00e9gory Buguet, agent chez Orpi Vernier \u00e0 Torcy (<a href=\"https:\/\/www.leparisien.fr\/seine-et-marne-77\/\" target=\"_blank\" rel=\"noreferrer nofollow noopener\">Seine-et-Marne<\/a>), les acteurs de <a href=\"https:\/\/www.leparisien.fr\/immobilier\/\" target=\"_blank\" rel=\"noreferrer nofollow noopener\">l\u2019immobilier <\/a>de Marne-la-Vall\u00e9e s\u2019accordent \u00e0 dire que leur activit\u00e9 va mieux. \u00ab On a eu un bon d\u00e9but d\u2019ann\u00e9e \u00bb, poursuit l\u2019agent. Un courtier en pr\u00eat nous glisse m\u00eame qu\u2019il r\u00e9alise pour le moment son meilleur exercice annuel.<\/p>\n<p class=\"paragraph text_align_left lp-f-body-02\">Signe de cette reprise, Marne-la-Vall\u00e9e \u2015 Val-d\u2019Europe compris \u2015 et ses alentours proches, comme <a href=\"https:\/\/www.leparisien.fr\/seine-et-marne-77\/pontault-combault-77340\/\" target=\"_blank\" rel=\"noreferrer nofollow noopener\">Pontault-Combault<\/a> ou encore <a href=\"https:\/\/www.leparisien.fr\/seine-et-marne-77\/lagny-sur-marne-77400\/\" target=\"_blank\" rel=\"noreferrer nofollow noopener\">Lagny-sur-Marne<\/a>, en sont de bons indicateurs. Secteurs traditionnellement les plus demand\u00e9s dans le d\u00e9partement, ils r\u00e9agissent imm\u00e9diatement \u00e0 cette am\u00e9lioration, avec des prix des maisons \u00e0 la hausse, de 0,3 % sur trois mois, jusqu\u2019\u00e0 plus de 6 % sur un an.<\/p>\n","protected":false},"excerpt":{"rendered":"\u00ab Depuis un an, on a retrouv\u00e9 des couleurs. \u00bb Comme Gr\u00e9gory Buguet, agent chez Orpi Vernier \u00e0&hellip;\n","protected":false},"author":2,"featured_media":370580,"comment_status":"","ping_status":"","sticky":false,"template":"","format":"standard","meta":{"footnotes":""},"categories":[1592],"tags":[1111,11,1777,674,1011,27,662,1116,12,626,25],"class_list":{"0":"post-371311","1":"post","2":"type-post","3":"status-publish","4":"format-standard","5":"has-post-thumbnail","7":"category-ile-de-france","8":"tag-actu","9":"tag-actualites","10":"tag-eu","11":"tag-europe","12":"tag-fr","13":"tag-france","14":"tag-ile-de-france","15":"tag-immobilier","16":"tag-news","17":"tag-paris","18":"tag-republique-francaise"},"share_on_mastodon":{"url":"https:\/\/pubeurope.com\/@fr\/115158983890017844","error":""},"_links":{"self":[{"href":"https:\/\/www.europesays.com\/fr\/wp-json\/wp\/v2\/posts\/371311","targetHints":{"allow":["GET"]}}],"collection":[{"href":"https:\/\/www.europesays.com\/fr\/wp-json\/wp\/v2\/posts"}],"about":[{"href":"https:\/\/www.europesays.com\/fr\/wp-json\/wp\/v2\/types\/post"}],"author":[{"embeddable":true,"href":"https:\/\/www.europesays.com\/fr\/wp-json\/wp\/v2\/users\/2"}],"replies":[{"embeddable":true,"href":"https:\/\/www.europesays.com\/fr\/wp-json\/wp\/v2\/comments?post=371311"}],"version-history":[{"count":0,"href":"https:\/\/www.europesays.com\/fr\/wp-json\/wp\/v2\/posts\/371311\/revisions"}],"wp:featuredmedia":[{"embeddable":true,"href":"https:\/\/www.europesays.com\/fr\/wp-json\/wp\/v2\/media\/370580"}],"wp:attachment":[{"href":"https:\/\/www.europesays.com\/fr\/wp-json\/wp\/v2\/media?parent=371311"}],"wp:term":[{"taxonomy":"category","embeddable":true,"href":"https:\/\/www.europesays.com\/fr\/wp-json\/wp\/v2\/categories?post=371311"},{"taxonomy":"post_tag","embeddable":true,"href":"https:\/\/www.europesays.com\/fr\/wp-json\/wp\/v2\/tags?post=371311"}],"curies":[{"name":"wp","href":"https:\/\/api.w.org\/{rel}","templated":true}]}}