{"id":371312,"date":"2025-09-06T19:23:13","date_gmt":"2025-09-06T19:23:13","guid":{"rendered":"https:\/\/www.europesays.com\/fr\/371312\/"},"modified":"2025-09-06T19:23:13","modified_gmt":"2025-09-06T19:23:13","slug":"un-mort-et-plusieurs-blesses-dans-la-manche-percutes-par-une-voiture-sur-une-terrasse","status":"publish","type":"post","link":"https:\/\/www.europesays.com\/fr\/371312\/","title":{"rendered":"Un mort et plusieurs bless\u00e9s dans la Manche, percut\u00e9s par une voiture sur une terrasse"},"content":{"rendered":"\n<p class=\"c-chapo \">\n  La th\u00e8se volontaire\u00a0\u00ab\u00a0est formellement exclue\u00a0\u00bb, selon le procureur de Coutances.\n<\/p>\n<p>            lire plus tard<\/p>\n<p id=\"dialog__title\" class=\"dialog__title\">Pour sauvegarder cet article, connectez-vous ou cr\u00e9ez un compte franceinfo<\/p>\n<p class=\"dialog__description\">Sans paiement. Sans abonnement.<\/p>\n<p>        Fermer la fen\u00eatre d\u2019activation des notifications France Info<\/p>\n<p>            cr\u00e9er votre compte<\/p>\n<p>            se connecter<\/p>\n<p>        Fermer la fen\u00eatre de pr\u00e9sentation<\/p>\n<p>    <img loading=\"lazy\" decoding=\"async\" class=\"signature__image lazyload\" width=\"100\" height=\"100\" data- alt=\"\" src=\"https:\/\/www.europesays.com\/fr\/wp-content\/uploads\/2025\/05\/64a68815cd1a7_placeholder-36b69ec8.png\"\/><\/p>\n<p>    Publi\u00e9 le 06\/09\/2025 20:41<\/p>\n<p>      Mis \u00e0 jour le 06\/09\/2025 21:18<\/p>\n<p>        Temps de lecture : 1min<\/p>\n<p>    <img decoding=\"async\"  alt=\"L'accident s'est d\u00e9roul\u00e9 \u00e0 Pirou-Plage, dans la Manche. (CAPTURE D'ECRAN \/ GOOGLE MAPS)\" width=\"432\" height=\"243\" src=\"https:\/\/www.europesays.com\/fr\/wp-content\/uploads\/2025\/09\/pirouplage-68bc8085be74a381199325.png\" fetchpriority=\"high\"\/><\/p>\n<p>      L&rsquo;accident s&rsquo;est d\u00e9roul\u00e9 \u00e0 Pirou-Plage, dans la Manche. (CAPTURE D&rsquo;ECRAN \/ GOOGLE MAPS)<\/p>\n<p>Une voiture a percut\u00e9 des pi\u00e9tons samedi 6 septembre dans l&rsquo;apr\u00e8s-midi \u00e0 Pirou-Plage, dans la Manche, tuant une personne et en blessant plusieurs autres, a annonc\u00e9 la pr\u00e9fecture de la Manche. Les pompiers ont pris en charge six victimes au total, quatre pi\u00e9tons et les deux occupants de la voiture, selon les autorit\u00e9s. Trois des bless\u00e9s sont en urgence absolue, selon le procureur de Coutances, Gauthier Poupeau, qui a pr\u00e9cis\u00e9 que le conducteur, la femme d\u00e9c\u00e9d\u00e9e et deux des personnes en urgence absolue ont plus de 70 ans.<\/p>\n<p>Le maire de la commune de Pirou-Plage a expliqu\u00e9 \u00e0 <a href=\"https:\/\/www.francebleu.fr\/infos\/faits-divers-justice\/le-conducteur-a-fait-un-malaise-une-voiture-percute-des-pietons-a-pirou-un-mort-et-plusieurs-blesses-8747197\" target=\"_blank\" rel=\"noopener nofollow\">ICI Cotentin<\/a> que le conducteur avait fait un malaise. La th\u00e8se volontaire\u00a0\u00ab\u00a0est formellement exclue\u00a0\u00bb, a affirm\u00e9 le procureur. \u00ab\u00a0Des premiers \u00e9l\u00e9ments recueillis, il semblerait que le conducteur du v\u00e9hicule \u00e0 bo\u00eete automatique ait fait un malaise. Le v\u00e9hicule a poursuivi la route sur plusieurs m\u00e8tres avant de percuter un groupe de personnes\u00a0\u00bb, a-t-il dit. Une cellule psychologique a \u00e9t\u00e9 ouverte dans la commune de Pirou-Plage.<\/p>\n","protected":false},"excerpt":{"rendered":"La th\u00e8se volontaire\u00a0\u00ab\u00a0est formellement exclue\u00a0\u00bb, selon le procureur de Coutances. lire plus tard Pour sauvegarder cet article, connectez-vous&hellip;\n","protected":false},"author":2,"featured_media":371313,"comment_status":"","ping_status":"","sticky":false,"template":"","format":"standard","meta":{"footnotes":""},"categories":[1888],"tags":[1111,1928,11,1927,1777,674,1011,27,12,1926,626,1925,25],"class_list":{"0":"post-371312","1":"post","2":"type-post","3":"status-publish","4":"format-standard","5":"has-post-thumbnail","7":"category-paris","8":"tag-actu","9":"tag-actu-paris","10":"tag-actualites","11":"tag-actualites-paris","12":"tag-eu","13":"tag-europe","14":"tag-fr","15":"tag-france","16":"tag-news","17":"tag-news-paris","18":"tag-paris","19":"tag-paris-news","20":"tag-republique-francaise"},"share_on_mastodon":{"url":"https:\/\/pubeurope.com\/@fr\/115158988237222291","error":""},"_links":{"self":[{"href":"https:\/\/www.europesays.com\/fr\/wp-json\/wp\/v2\/posts\/371312","targetHints":{"allow":["GET"]}}],"collection":[{"href":"https:\/\/www.europesays.com\/fr\/wp-json\/wp\/v2\/posts"}],"about":[{"href":"https:\/\/www.europesays.com\/fr\/wp-json\/wp\/v2\/types\/post"}],"author":[{"embeddable":true,"href":"https:\/\/www.europesays.com\/fr\/wp-json\/wp\/v2\/users\/2"}],"replies":[{"embeddable":true,"href":"https:\/\/www.europesays.com\/fr\/wp-json\/wp\/v2\/comments?post=371312"}],"version-history":[{"count":0,"href":"https:\/\/www.europesays.com\/fr\/wp-json\/wp\/v2\/posts\/371312\/revisions"}],"wp:featuredmedia":[{"embeddable":true,"href":"https:\/\/www.europesays.com\/fr\/wp-json\/wp\/v2\/media\/371313"}],"wp:attachment":[{"href":"https:\/\/www.europesays.com\/fr\/wp-json\/wp\/v2\/media?parent=371312"}],"wp:term":[{"taxonomy":"category","embeddable":true,"href":"https:\/\/www.europesays.com\/fr\/wp-json\/wp\/v2\/categories?post=371312"},{"taxonomy":"post_tag","embeddable":true,"href":"https:\/\/www.europesays.com\/fr\/wp-json\/wp\/v2\/tags?post=371312"}],"curies":[{"name":"wp","href":"https:\/\/api.w.org\/{rel}","templated":true}]}}