{"id":371314,"date":"2025-09-06T19:24:20","date_gmt":"2025-09-06T19:24:20","guid":{"rendered":"https:\/\/www.europesays.com\/fr\/371314\/"},"modified":"2025-09-06T19:24:20","modified_gmt":"2025-09-06T19:24:20","slug":"huit-buteurs-differents-pour-le-fcsm-apres-paris-1","status":"publish","type":"post","link":"https:\/\/www.europesays.com\/fr\/371314\/","title":{"rendered":"Huit buteurs diff\u00e9rents pour le FCSM apr\u00e8s Paris 1&#8230;"},"content":{"rendered":"<p data-end=\"245\" data-start=\"30\"><strong>Les Jaune et Bleu ont confirm\u00e9, face au Paris 13 Atletico, leur efficacit\u00e9 en National. Benjamin Gomel, tout comme Solomon Loubao, a inscrit son deuxi\u00e8me but de la saison. De la t\u00eate, Jonathan Mexique a ouvert son compteur en \u00e9tant parfaitement servi par Benjamin Gomel.<\/strong><\/p>\n<p><b>Les buteurs sochaliens en National :<\/b><\/p>\n<ul>&#13;<\/p>\n<li>Boubacar Fofana\u00a0(2\u00a0buts)<\/li>\n<p>&#13;<\/p>\n<li>Aymen Boutoutaou (2 buts)<\/li>\n<p>&#13;<\/p>\n<li>Benjamin Gomel (2 buts)<\/li>\n<p>&#13;<\/p>\n<li>Solomon Loubao (2 buts)<\/li>\n<p>&#13;<\/p>\n<li>Kapit Djoco (1 but)<\/li>\n<p>&#13;<\/p>\n<li>Jonathan Mexique (1 but)<\/li>\n<p>&#13;<\/p>\n<li>Mathieu Peybernes (1 but)<\/li>\n<p>&#13;<\/p>\n<li>Martin Lecolier (1 but)<\/li>\n<p>&#13;\n<\/ul>\n<p><b>Les passeurs sochaliens en National :<\/b><\/p>\n<ul>&#13;<\/p>\n<li>Bendjaloud Youssouf (2 passes)<\/li>\n<p>&#13;<\/p>\n<li>Jonathan Mexique (1 passe)<\/li>\n<p>&#13;<\/p>\n<li>Boubacar Fofana (1 passe)<\/li>\n<p>&#13;<\/p>\n<li>Elson Mendes (1 passe)<\/li>\n<p>&#13;<\/p>\n<li>Benjamin Gomel (1 passe)<\/li>\n<p>&#13;\n<\/ul>\n<p>\u00a0<\/p>\n","protected":false},"excerpt":{"rendered":"Les Jaune et Bleu ont confirm\u00e9, face au Paris 13 Atletico, leur efficacit\u00e9 en National. Benjamin Gomel, tout&hellip;\n","protected":false},"author":2,"featured_media":371315,"comment_status":"","ping_status":"","sticky":false,"template":"","format":"standard","meta":{"footnotes":""},"categories":[1888],"tags":[1111,1928,11,1927,1777,674,1011,27,12,1926,626,1925,25],"class_list":{"0":"post-371314","1":"post","2":"type-post","3":"status-publish","4":"format-standard","5":"has-post-thumbnail","7":"category-paris","8":"tag-actu","9":"tag-actu-paris","10":"tag-actualites","11":"tag-actualites-paris","12":"tag-eu","13":"tag-europe","14":"tag-fr","15":"tag-france","16":"tag-news","17":"tag-news-paris","18":"tag-paris","19":"tag-paris-news","20":"tag-republique-francaise"},"share_on_mastodon":{"url":"https:\/\/pubeurope.com\/@fr\/115158991793581444","error":""},"_links":{"self":[{"href":"https:\/\/www.europesays.com\/fr\/wp-json\/wp\/v2\/posts\/371314","targetHints":{"allow":["GET"]}}],"collection":[{"href":"https:\/\/www.europesays.com\/fr\/wp-json\/wp\/v2\/posts"}],"about":[{"href":"https:\/\/www.europesays.com\/fr\/wp-json\/wp\/v2\/types\/post"}],"author":[{"embeddable":true,"href":"https:\/\/www.europesays.com\/fr\/wp-json\/wp\/v2\/users\/2"}],"replies":[{"embeddable":true,"href":"https:\/\/www.europesays.com\/fr\/wp-json\/wp\/v2\/comments?post=371314"}],"version-history":[{"count":0,"href":"https:\/\/www.europesays.com\/fr\/wp-json\/wp\/v2\/posts\/371314\/revisions"}],"wp:featuredmedia":[{"embeddable":true,"href":"https:\/\/www.europesays.com\/fr\/wp-json\/wp\/v2\/media\/371315"}],"wp:attachment":[{"href":"https:\/\/www.europesays.com\/fr\/wp-json\/wp\/v2\/media?parent=371314"}],"wp:term":[{"taxonomy":"category","embeddable":true,"href":"https:\/\/www.europesays.com\/fr\/wp-json\/wp\/v2\/categories?post=371314"},{"taxonomy":"post_tag","embeddable":true,"href":"https:\/\/www.europesays.com\/fr\/wp-json\/wp\/v2\/tags?post=371314"}],"curies":[{"name":"wp","href":"https:\/\/api.w.org\/{rel}","templated":true}]}}