{"id":371316,"date":"2025-09-06T19:25:14","date_gmt":"2025-09-06T19:25:14","guid":{"rendered":"https:\/\/www.europesays.com\/fr\/371316\/"},"modified":"2025-09-06T19:25:14","modified_gmt":"2025-09-06T19:25:14","slug":"fortes-chaleurs-dans-le-sud-ouest-au-moins-25c-sur-la-quasi-totalite-du-pays-une-meteo-estivale-en-france-ce-samedi","status":"publish","type":"post","link":"https:\/\/www.europesays.com\/fr\/371316\/","title":{"rendered":"Fortes chaleurs dans le sud-ouest, au moins 25\u00b0C sur la quasi-totalit\u00e9 du pays\u00a0: une m\u00e9t\u00e9o estivale en France ce samedi"},"content":{"rendered":"<p class=\"paragraph text_align_left lp-f-body-02\">L\u2019\u00e9t\u00e9 se prolonge dans l\u2019Hexagone. <a href=\"https:\/\/www.leparisien.fr\/meteo\/\" target=\"_blank\" rel=\"noreferrer noopener\">Le temps \u00e9tait tr\u00e8s cl\u00e9ment<\/a> sur une majeure partie de la France ce samedi, rel\u00e8ve La Chaine M\u00e9t\u00e9o. Le mercure a m\u00eame grimp\u00e9 au-del\u00e0 des 30 degr\u00e9s dans le quart sud-ouest du pays.<\/p>\n<blockquote class=\"twitter-tweet\">\n<p lang=\"fr\" dir=\"ltr\">\ud83c\udf21\ufe0f \u2600\ufe0fLa barre des 25\u00b0C est atteint sur 90%  du pays cet apr\u00e8s-midi. C&rsquo;est au sud-ouest qu&rsquo;il fait le plus chaud avec 35\u00b0C entre le sud de l&rsquo;Aquitaine et les Hautes-Pyr\u00e9n\u00e9es. <a href=\"https:\/\/t.co\/iAaV4Cd6bh\">pic.twitter.com\/iAaV4Cd6bh<\/a><\/p>\n<p>\u2014 La Cha\u00eene M\u00e9t\u00e9o (@lachainemeteo) <a href=\"https:\/\/twitter.com\/lachainemeteo\/status\/1964335661869146620?ref_src=twsrc%5Etfw\" target=\"_blank\" rel=\"noopener\">September 6, 2025<\/a><\/p><\/blockquote>\n<p class=\"paragraph text_align_left lp-f-body-02\">\u00c0 Biarritz (Pyr\u00e9n\u00e9es-Atlantiques) et Dax (Landes), le thermom\u00e8tre affichait 35\u00b0C aux alentours de 15 heures samedi apr\u00e8s-midi. \u00ab La barre des 25\u00b0C est atteint sur 90 % du pays \u00bb, a not\u00e9 de son c\u00f4t\u00e9 La Chaine M\u00e9t\u00e9o, carte \u00e0 l\u2019appui, dans un message publi\u00e9 sur X.<\/p>\n<p>27\u00b0C attendus dimanche dans le Sud<\/p>\n<p class=\"paragraph text_align_left lp-f-body-02\">Par ailleurs, le ciel \u00e9tait d\u00e9gag\u00e9 sur la quasi-totalit\u00e9 du pays ce samedi. Quelques nuages s\u2019immiscent n\u00e9anmoins dans le ciel au-dessus de <a href=\"https:\/\/www.leparisien.fr\/paris-75\/\" target=\"_blank\" rel=\"noreferrer noopener\">Paris<\/a> et \u00e0 l\u2019est de l\u2019\u00cele-de-France.<\/p>\n<p class=\"paragraph text_align_left lp-f-body-02\">Les temp\u00e9ratures resteront cl\u00e9mentes dimanche, selon les pr\u00e9visions de M\u00e9t\u00e9o France. Cette fois-ci, c\u2019est en Corse qu\u2019il devrait faire le plus chaud, avec une temp\u00e9rature maximale de 33\u00b0C attendue. Le mercure fr\u00f4lera les 30\u00b0C dans le sud-est et le sud-ouest. \u00c0 Paris, il pourrait faire jusqu\u2019\u00e0 30\u00b0C dans l\u2019apr\u00e8s-midi. <\/p>\n<p><script async src=\"https:\/\/platform.twitter.com\/widgets.js\" charset=\"utf-8\"><\/script><\/p>\n","protected":false},"excerpt":{"rendered":"L\u2019\u00e9t\u00e9 se prolonge dans l\u2019Hexagone. Le temps \u00e9tait tr\u00e8s cl\u00e9ment sur une majeure partie de la France ce&hellip;\n","protected":false},"author":2,"featured_media":371317,"comment_status":"","ping_status":"","sticky":false,"template":"","format":"standard","meta":{"footnotes":""},"categories":[1888],"tags":[11,1777,674,1011,27,2487,12,626,25],"class_list":{"0":"post-371316","1":"post","2":"type-post","3":"status-publish","4":"format-standard","5":"has-post-thumbnail","7":"category-paris","8":"tag-actualites","9":"tag-eu","10":"tag-europe","11":"tag-fr","12":"tag-france","13":"tag-meteo","14":"tag-news","15":"tag-paris","16":"tag-republique-francaise"},"share_on_mastodon":{"url":"https:\/\/pubeurope.com\/@fr\/115158995696824355","error":""},"_links":{"self":[{"href":"https:\/\/www.europesays.com\/fr\/wp-json\/wp\/v2\/posts\/371316","targetHints":{"allow":["GET"]}}],"collection":[{"href":"https:\/\/www.europesays.com\/fr\/wp-json\/wp\/v2\/posts"}],"about":[{"href":"https:\/\/www.europesays.com\/fr\/wp-json\/wp\/v2\/types\/post"}],"author":[{"embeddable":true,"href":"https:\/\/www.europesays.com\/fr\/wp-json\/wp\/v2\/users\/2"}],"replies":[{"embeddable":true,"href":"https:\/\/www.europesays.com\/fr\/wp-json\/wp\/v2\/comments?post=371316"}],"version-history":[{"count":0,"href":"https:\/\/www.europesays.com\/fr\/wp-json\/wp\/v2\/posts\/371316\/revisions"}],"wp:featuredmedia":[{"embeddable":true,"href":"https:\/\/www.europesays.com\/fr\/wp-json\/wp\/v2\/media\/371317"}],"wp:attachment":[{"href":"https:\/\/www.europesays.com\/fr\/wp-json\/wp\/v2\/media?parent=371316"}],"wp:term":[{"taxonomy":"category","embeddable":true,"href":"https:\/\/www.europesays.com\/fr\/wp-json\/wp\/v2\/categories?post=371316"},{"taxonomy":"post_tag","embeddable":true,"href":"https:\/\/www.europesays.com\/fr\/wp-json\/wp\/v2\/tags?post=371316"}],"curies":[{"name":"wp","href":"https:\/\/api.w.org\/{rel}","templated":true}]}}