{"id":371318,"date":"2025-09-06T19:26:10","date_gmt":"2025-09-06T19:26:10","guid":{"rendered":"https:\/\/www.europesays.com\/fr\/371318\/"},"modified":"2025-09-06T19:26:10","modified_gmt":"2025-09-06T19:26:10","slug":"heure-diffusion-en-clair-et-carte-complete-du-show-2025","status":"publish","type":"post","link":"https:\/\/www.europesays.com\/fr\/371318\/","title":{"rendered":"heure, diffusion en clair et carte compl\u00e8te du show 2025"},"content":{"rendered":"<p><a name=\"post1757185821\"\/>21:10 &#8211; Ruffy veut mettre KO Saint Denis<\/p>\n<p>\u00ab\u00a0Lorsque tu gagnes, les fans sont avec toi. Mais lorsque tu perds, ils s\u2019en vont. C\u2019est ce que l\u2019on apprend en \u00e9tant combattant. Je veux le meilleur Beno\u00eet Saint-Denis pour ce samedi 6 septembre.\u00a0Je souhaite le dominer au meilleur de lui-m\u00eame. Je ne le sous-estime pas. Je sais qu\u2019il est fort. Tout ce que je veux, c\u2019est le vaincre et prouver que je suis le meilleur. Nous savons que BSD est un combattant agressif. On le voit dans ses combats, et aussi dans son comportement. Je pense que le calme sera la cl\u00e9 du combat. Et surtout, je veux un excellent BSD. Et je vais l\u2019\u00e9teindre.\u00a0Je souhaite lui infliger le meilleur KO de l\u2019histoire de l\u2019UFC ici \u00e0 Paris. C\u2019est ce que vous allez voir\u00a0\u00bb a lanc\u00e9 Mauricio Ruffy sur RMC Sport avant son combat face \u00e0 Benoit Saint Denis.<\/p>\n<p><a name=\"post1757181635\"\/>20:00 &#8211; Une diffusion en clair !<\/p>\n<p>Pour ceux qui ne le savent pas encore, la carte principale sera \u00e0 suivre sur RMC Sport 1, mais\u00a0les trois derniers combats seront diffus\u00e9s gratuitement sur RMC D\u00e9couverte. Une belle r\u00e9compense pour les amateurs de MMA qui n&rsquo;ont pas les moyens de suivre l&rsquo;\u00e9v\u00e8nement.<\/p>\n<p><a name=\"post1757178035\"\/>19:00 &#8211; Les combats des Fran\u00e7ais<\/p>\n<p>Voici la liste des combats des Fran\u00e7ais sur cette carte de l&rsquo;UFC Paris 4.\u00a0<\/p>\n<ul>&#13;<\/p>\n<li>Nassourdine Imavov\u00a0vs Caio Borralho (poids moyens, -84\u00a0kg)<\/li>\n<p>&#13;<\/p>\n<li>Beno\u00eet Saint\u00a0Denis\u00a0vs Mauricio Ruffy (poids l\u00e9gers, -70\u00a0kg)<\/li>\n<p>&#13;<\/p>\n<li>Far\u00e8s Ziam\u00a0vs Kaue Fernandes (poids l\u00e9gers, -70\u00a0kg)<\/li>\n<p>&#13;<\/p>\n<li>Oumar Sy\u00a0vs Brendson Ribeiro (poids lourds-l\u00e9gers, -93\u00a0kg)<\/li>\n<p>&#13;<\/p>\n<li>William Gomis\u00a0vs Robert Ruchala (poids plume, -66\u00a0kg)<\/li>\n<p>&#13;<\/p>\n<li>Axel Sola\u00a0vs Rhys McKee (poids mi-moyens, -77\u00a0kg)<\/li>\n<p>&#13;\n<\/ul>\n<p><a name=\"post1757174435\"\/>18:00 &#8211; Les d\u00e9buts de Sola<\/p>\n<p>Tout juste engag\u00e9 \u00e0 l&rsquo;UFC, l&rsquo;ex-champion d&rsquo;ARES Axel Sola (27\u00a0ans, 10 victoires, 0 d\u00e9faite, 1 match nul) va faire ses d\u00e9buts dans l&rsquo;organisation nord-am\u00e9ricaine ce samedi 6\u00a0septembre \u00e0 l&rsquo;occasion de l&rsquo;UFC Paris. Il affrontera le Nord-Irlandais Rhys McKee.\u00a0<\/p>\n<p><a name=\"post1757167227\"\/>16:00 &#8211; \u00ab\u00a0Je l&rsquo;ai sorti de l&rsquo;ombre\u00a0\u00bb<\/p>\n<p>En point presse, Caio Borralho\u00a0a lanc\u00e9 une pique \u00e0 Nassourdine Imavov, expliquant qu&rsquo;il a sorti de l&rsquo;ombre le Fran\u00e7ais. \u00ab\u00a0Il s&rsquo;agit de la promotion du combat. Il faut le rendre int\u00e9ressant afin d&rsquo;attirer le public. C&rsquo;est ce qu&rsquo;on a fait. Avant, personne ne connaissait Nassourdine. Personne ne parlait de lui sur les r\u00e9seaux sociaux, c&rsquo;\u00e9tait un fant\u00f4me, il n&rsquo;avait aucune communication. Il devrait me remercier, car c&rsquo;est gr\u00e2ce \u00e0 moi qu&rsquo;il s&rsquo;y est mis. En ce qui concerne le trash-talk, ce n&rsquo;est pas un manque de respect, \u00e7a fait partie du business, du show. On essaye de rendre le combat encore plus int\u00e9ressant qu&rsquo;il ne l&rsquo;est. Maintenant, les gens ont tr\u00e8s envie de voir ce combat.\u00a0\u00bb<\/p>\n<p><a name=\"post1757161827\"\/>14:30 &#8211; \u00ab\u00a0On va r\u00e9it\u00e9rer France &#8211; Br\u00e9sil 98\u00a0\u00bb lance Benoit Saint Denis<\/p>\n<p>\u00ab\u00a0Je pense que ce qu&rsquo;il craint va lui arriver\u00a0\u00bb a lanc\u00e9 Benoit Saint Denis avant son combat face au Br\u00e9silien Mauricio Ruffy (29\u00a0ans, 1,80\u00a0m, 70\u00a0kg, 12-1). \u00ab\u00a0Je pense qu&rsquo;il va y avoir beaucoup, beaucoup de pression. Et moi, je suis pr\u00eat \u00e0 faire mon travail. J&rsquo;ai beaucoup travaill\u00e9, et je pense que ce qu&rsquo;on met en place avec Nicolas Ott maintenant depuis quelque temps commence vraiment, vraiment \u00e0 payer. Et j&rsquo;ai h\u00e2te d&rsquo;\u00eatre \u00e0 samedi pour vous montrer tout \u00e7a. Et de faire abstraction de tout le reste. Je me sens bien, je me sens en forme et j&rsquo;ai juste envie d&rsquo;aller faire mon combat. Les bookmakers nous ont mis quasiment tous outsiders, je crois, les Fran\u00e7ais. C&rsquo;\u00e9tait un peu le cas en 1998 pour France-Br\u00e9sil. Maintenant, on va r\u00e9it\u00e9rer \u00e7a. Comme \u00e7a, on ne sera pas trop mal.\u00a0\u00bb<\/p>\n<p><a name=\"post1757154621\"\/>12:30 &#8211; Caio Borralho se sent comme \u00e0 la maison en France<\/p>\n<p>Interview\u00e9 par RMC Sport,\u00a0Caio Borralho\u00a0a expliqu\u00e9 sa relation particuli\u00e8re avec la France : \u00ab\u00a0Les Fran\u00e7ais sont parmi les meilleurs fans du monde. Donc lorsque je vais faire mon travail, je veux ressentir cette \u00e9nergie. Peu importe qu\u2019ils soient pour ou contre moi. Je veux juste prendre ce dynamisme et le mettre dans l\u2019octogone. Les gens ne le savent pas. Mais la ville d\u2019o\u00f9 je viens, au Br\u00e9sil, s\u2019appelle Sao-Luis. Elle a \u00e9t\u00e9 fond\u00e9e par des Fran\u00e7ais.\u00a0Donc, je me sens un peu Fran\u00e7ais. Je pense que je suis plus Fran\u00e7ais que Nassourdine Imavov.\u00a0\u00bb<\/p>\n<p><a name=\"post1757149245\"\/>11:00 &#8211; La grosse confiance de Nassourdine Imavov<\/p>\n<p>Avant l&rsquo;UFC Paris, le combattant a mis en avant son extr\u00eame confiance sur son combat. \u00ab\u00a0J&rsquo;ai un pressentiment. Je pense que \u00e7a ne va pas d\u00e9passer les deux premiers rounds. Dans les deux premiers rounds, \u00e7a va se terminer\u00a0au striking\u00a0\u00bb, a lanc\u00e9 Imavov. \u00ab\u00a0Quand je dis que c&rsquo;est personnel, \u00e7a ne veut pas dire que je vais rentrer dans une guerre. Le Nassourdine d&rsquo;avant, ce n&rsquo;est plus le m\u00eame. Le Nassourdine de Buckley, \u00e7a date d&rsquo;il y a deux ans. J&rsquo;ai beaucoup progress\u00e9 depuis. Je sais o\u00f9 il veut appuyer, je sais qu&rsquo;il veut me faire sortir de mon combat. Il sait que c&rsquo;est sa seule solution. Mais je ne lui ferai pas de cadeau l\u00e0.\u00a0\u00bb<\/p>\n","protected":false},"excerpt":{"rendered":"21:10 &#8211; Ruffy veut mettre KO Saint Denis \u00ab\u00a0Lorsque tu gagnes, les fans sont avec toi. Mais lorsque&hellip;\n","protected":false},"author":2,"featured_media":371319,"comment_status":"","ping_status":"","sticky":false,"template":"","format":"standard","meta":{"footnotes":""},"categories":[1888],"tags":[11,1777,674,1011,27,12,626,25],"class_list":{"0":"post-371318","1":"post","2":"type-post","3":"status-publish","4":"format-standard","5":"has-post-thumbnail","7":"category-paris","8":"tag-actualites","9":"tag-eu","10":"tag-europe","11":"tag-fr","12":"tag-france","13":"tag-news","14":"tag-paris","15":"tag-republique-francaise"},"share_on_mastodon":{"url":"https:\/\/pubeurope.com\/@fr\/115158999718781469","error":""},"_links":{"self":[{"href":"https:\/\/www.europesays.com\/fr\/wp-json\/wp\/v2\/posts\/371318","targetHints":{"allow":["GET"]}}],"collection":[{"href":"https:\/\/www.europesays.com\/fr\/wp-json\/wp\/v2\/posts"}],"about":[{"href":"https:\/\/www.europesays.com\/fr\/wp-json\/wp\/v2\/types\/post"}],"author":[{"embeddable":true,"href":"https:\/\/www.europesays.com\/fr\/wp-json\/wp\/v2\/users\/2"}],"replies":[{"embeddable":true,"href":"https:\/\/www.europesays.com\/fr\/wp-json\/wp\/v2\/comments?post=371318"}],"version-history":[{"count":0,"href":"https:\/\/www.europesays.com\/fr\/wp-json\/wp\/v2\/posts\/371318\/revisions"}],"wp:featuredmedia":[{"embeddable":true,"href":"https:\/\/www.europesays.com\/fr\/wp-json\/wp\/v2\/media\/371319"}],"wp:attachment":[{"href":"https:\/\/www.europesays.com\/fr\/wp-json\/wp\/v2\/media?parent=371318"}],"wp:term":[{"taxonomy":"category","embeddable":true,"href":"https:\/\/www.europesays.com\/fr\/wp-json\/wp\/v2\/categories?post=371318"},{"taxonomy":"post_tag","embeddable":true,"href":"https:\/\/www.europesays.com\/fr\/wp-json\/wp\/v2\/tags?post=371318"}],"curies":[{"name":"wp","href":"https:\/\/api.w.org\/{rel}","templated":true}]}}