{"id":371320,"date":"2025-09-06T19:27:12","date_gmt":"2025-09-06T19:27:12","guid":{"rendered":"https:\/\/www.europesays.com\/fr\/371320\/"},"modified":"2025-09-06T19:27:12","modified_gmt":"2025-09-06T19:27:12","slug":"lun-des-banquiers-les-plus-influents-de-russie-tire-la-sonnette-dalarme-leconomie-ralentit-plus-vite-que-prevu","status":"publish","type":"post","link":"https:\/\/www.europesays.com\/fr\/371320\/","title":{"rendered":"L&rsquo;un des banquiers les plus influents de Russie tire la sonnette d&rsquo;alarme : \u00ab\u00a0L&rsquo;\u00e9conomie ralentit plus vite que pr\u00e9vu\u00a0\u00bb"},"content":{"rendered":"<p class=\"text-left ap-StoryElement ap-StoryElement--mb ap-StoryText\">Le Kremlin avait opt\u00e9 pour une strat\u00e9gie bas\u00e9e sur l&rsquo;<a href=\"https:\/\/www.lalibre.be\/economie\/conjoncture\/2025\/05\/29\/la-russie-ne-peut-pas-se-permettre-la-paix-elle-vit-sous-perfusion-militaire-son-systeme-depend-de-leconomie-de-guerre-5DVPARYBZZGHZFEUMLJM7AM6WI\/\" target=\"_self\" rel=\"noopener\">\u00e9conomie de guerr<\/a>e, mais la croissance connue pr\u00e9c\u00e9demment ralentit fortement \u00e0 cause des taux d&rsquo;int\u00e9r\u00eat \u00e9lev\u00e9s.<\/p>\n<p><a href=\"https:\/\/www.lalibre.be\/international\/europe\/guerre-ukraine-russie\/2025\/09\/04\/guerre-en-ukraine-les-europeens-et-les-etats-unis-pourraient-prendre-de-nouvelles-sanctions-contre-moscou-653YD74KQVECVBBT7DYORGUDZI\/\" target=\"_blank\" rel=\"noopener noreferrer\" class=\"ap-StoryInterstitialLink ap-StoryElement ap-StoryElement--mb\">Guerre en Ukraine : les Europ\u00e9ens et les \u00c9tats-Unis pourraient prendre de nouvelles sanctions contre Moscou<\/a>\u00ab\u00a0Stagnation technique\u00a0\u00bb<\/p>\n<p class=\"text-left ap-StoryElement ap-StoryElement--mb ap-StoryText\">Germ\u00e1n Gref a d\u00e9clar\u00e9 que l&rsquo;\u00e9conomie russe au second trimestre semblait en \u00ab\u00a0stagnation technique\u00a0\u00bb. \u00ab\u00a0Il est important de sortir de cette p\u00e9riode de ralentissement contr\u00f4l\u00e9 de l&rsquo;\u00e9conomie afin qu&rsquo;elle ne se transforme pas en stagnation, car relancer l&rsquo;\u00e9conomie sera bien plus difficile que la ralentir\u00a0\u00bb, a-t-il rajout\u00e9.<\/p>\n<p class=\"ap-StoryElement ap-StoryElement--mb ap-StoryText\">Il a \u00e9galement affirm\u00e9 que les donn\u00e9es bancaires montrent un net ralentissement et que les signes de croissance pour juillet et ao\u00fbt sont presque nuls.<\/p>\n<p class=\"text-left ap-StoryElement ap-StoryElement--mb ap-StoryText\">Le ministre des Finances, <a href=\"https:\/\/www.lalibre.be\/international\/europe\/guerre-ukraine-russie\/2025\/08\/14\/heure-sujets-abordes-le-kremlin-donne-plus-de-details-sur-la-rencontre-trump-poutine-DGIVTILFXFCDVKZQNZ6QM622YM\/\" target=\"_self\" rel=\"noopener\">Anton Silouanov<\/a>, a d\u00e9clar\u00e9 la semaine derni\u00e8re que la croissance \u00e9conomique devrait diminuer \u00e0 1,5\u00a0% alors qu&rsquo;initialement pr\u00e9vu \u00e0 2,5\u00a0%.<\/p>\n<p><a href=\"https:\/\/www.lalibre.be\/international\/europe\/guerre-ukraine-russie\/2025\/09\/04\/j-d-vance-revient-sur-le-clash-avec-volodymyr-zelensky-dans-le-bureau-ovale-je-pense-que-cetait-utile-BA3I6WC2BFEL7D3DID3BJAPG5Q\/\" target=\"_blank\" rel=\"noopener noreferrer\" class=\"ap-StoryInterstitialLink ap-StoryElement ap-StoryElement--mb\">J. D. Vance revient sur le clash avec Volodymyr Zelensky dans le Bureau ovale : \u00ab\u00a0Je pense que c&rsquo;\u00e9tait utile\u00a0\u00bb<\/a>Les regards vers la banque centrale<\/p>\n<p class=\"text-left ap-StoryElement ap-StoryElement--mb ap-StoryText\">La pression est de plus en plus importante sur la banque centrale pour qu&rsquo;elle diminue ses taux lors de la r\u00e9union du 12\u00a0septembre. De nombreux avertissements ont \u00e9t\u00e9 \u00e9mis par de hauts responsables, dont Germ\u00e1n Gref.<\/p>\n<p class=\"ap-StoryElement ap-StoryElement--mb ap-StoryText\">En janvier, Poutine s&rsquo;inqui\u00e9tait d\u00e9j\u00e0 de la sant\u00e9 de son \u00e9conomie en temps de guerre et notamment de l&rsquo;implication des grandes entreprises qui baissait \u00e0 cause des taux d&rsquo;int\u00e9r\u00eat \u00e9lev\u00e9s.<\/p>\n<p class=\"text-left ap-StoryElement ap-StoryElement--mb ap-StoryText\">\u00ab\u00a0Les derni\u00e8res donn\u00e9es sugg\u00e8rent que l&rsquo;\u00e9conomie ralentit plus vite que pr\u00e9vu\u00a0\u00bb a d\u00e9clar\u00e9 Maxime Reshetnikov, ministre de l&rsquo;Economie. Il a rajout\u00e9 que les prix de production n&rsquo;avaient pas augment\u00e9, ce qui montre que la demande est insuffisante. Certaines entreprises m\u00e9caniques russes sont pass\u00e9es \u00e0 des semaines de quatre jours pour r\u00e9duire leurs frais.<\/p>\n<p class=\"text-left ap-StoryElement ap-StoryElement--mb ap-StoryText\">Lors des deux premiers mandats de <a href=\"https:\/\/www.lalibre.be\/actualite\/personne\/vladimir-poutine\/\" target=\"_self\" rel=\"noopener\">Poutine<\/a> de 2000 \u00e0 2008, le PIB de la Russie s&rsquo;\u00e9tait multipli\u00e9 par neuf, passant de 200 \u00e0 1\u00a0700\u00a0milliards de dollars. Le produit int\u00e9rieur brut du pays n&rsquo;est aujourd&rsquo;hui plus que de 2\u00a0200\u00a0milliards de dollars, soit le m\u00eame niveau qu&rsquo;en 2013, avant l&rsquo;annexion de la Crim\u00e9e.<\/p>\n<p><a href=\"https:\/\/www.lalibre.be\/international\/europe\/guerre-ukraine-russie\/2025\/09\/03\/deux-allies-minutieusement-choisis-une-grande-premiere-mais-des-piques-de-trump-et-leurope-ce-quil-faut-retenir-de-la-demonstration-de-force-de-xi-SWCRTY5MEBCUTIWU533EGFCPBU\/\" target=\"_blank\" rel=\"noopener noreferrer\" class=\"ap-StoryInterstitialLink ap-StoryElement ap-StoryElement--mb\">Invit\u00e9 d&rsquo;honneur \u00e0 P\u00e9kin, Vladimir Poutine peut compter sur le soutien de la Chine et de la Cor\u00e9e du Nord<\/a><\/p>\n","protected":false},"excerpt":{"rendered":"Le Kremlin avait opt\u00e9 pour une strat\u00e9gie bas\u00e9e sur l&rsquo;\u00e9conomie de guerre, mais la croissance connue pr\u00e9c\u00e9demment ralentit&hellip;\n","protected":false},"author":2,"featured_media":371321,"comment_status":"","ping_status":"","sticky":false,"template":"","format":"standard","meta":{"footnotes":""},"categories":[1591],"tags":[11,2122,1887,43890,12,1885,1886,132,135],"class_list":{"0":"post-371320","1":"post","2":"type-post","3":"status-publish","4":"format-standard","5":"has-post-thumbnail","7":"category-russie","8":"tag-actualites","9":"tag-conflit-russie-ukraine","10":"tag-federation-de-russie","11":"tag-newb","12":"tag-news","13":"tag-russia","14":"tag-russian-federation","15":"tag-russie","16":"tag-vladimir-poutine"},"share_on_mastodon":{"url":"https:\/\/pubeurope.com\/@fr\/115159003487695400","error":""},"_links":{"self":[{"href":"https:\/\/www.europesays.com\/fr\/wp-json\/wp\/v2\/posts\/371320","targetHints":{"allow":["GET"]}}],"collection":[{"href":"https:\/\/www.europesays.com\/fr\/wp-json\/wp\/v2\/posts"}],"about":[{"href":"https:\/\/www.europesays.com\/fr\/wp-json\/wp\/v2\/types\/post"}],"author":[{"embeddable":true,"href":"https:\/\/www.europesays.com\/fr\/wp-json\/wp\/v2\/users\/2"}],"replies":[{"embeddable":true,"href":"https:\/\/www.europesays.com\/fr\/wp-json\/wp\/v2\/comments?post=371320"}],"version-history":[{"count":0,"href":"https:\/\/www.europesays.com\/fr\/wp-json\/wp\/v2\/posts\/371320\/revisions"}],"wp:featuredmedia":[{"embeddable":true,"href":"https:\/\/www.europesays.com\/fr\/wp-json\/wp\/v2\/media\/371321"}],"wp:attachment":[{"href":"https:\/\/www.europesays.com\/fr\/wp-json\/wp\/v2\/media?parent=371320"}],"wp:term":[{"taxonomy":"category","embeddable":true,"href":"https:\/\/www.europesays.com\/fr\/wp-json\/wp\/v2\/categories?post=371320"},{"taxonomy":"post_tag","embeddable":true,"href":"https:\/\/www.europesays.com\/fr\/wp-json\/wp\/v2\/tags?post=371320"}],"curies":[{"name":"wp","href":"https:\/\/api.w.org\/{rel}","templated":true}]}}