{"id":371322,"date":"2025-09-06T19:28:10","date_gmt":"2025-09-06T19:28:10","guid":{"rendered":"https:\/\/www.europesays.com\/fr\/371322\/"},"modified":"2025-09-06T19:28:10","modified_gmt":"2025-09-06T19:28:10","slug":"donald-trump-veut-que-leurope-soit-la-premiere-a-sengager","status":"publish","type":"post","link":"https:\/\/www.europesays.com\/fr\/371322\/","title":{"rendered":"Donald Trump veut que l\u2019Europe soit \u00ab\u00a0la premi\u00e8re \u00e0 s\u2019engager\u00a0\u00bb"},"content":{"rendered":"<p>Vous avez rat\u00e9 les derniers \u00e9v\u00e9nements sur la <a href=\"https:\/\/www.20minutes.fr\/monde\/ukraine\/\" class=\"c-link c-link--is-underlined\" rel=\"nofollow noopener\" target=\"_blank\">guerre en Ukraine<\/a>\u00a0? 20 Minutes fait le point pour vous tous les soirs. Voici l\u2019essentiel de ce samedi 6\u00a0septembre, 1.291e jour du conflit.<\/p>\n<p>Le fait du jour<\/p>\n<p>L\u2019Ukraine fait d\u00e9j\u00e0 les comptes de septembre. En six jours, la Russie aurait lanc\u00e9 plus de 1.300 drones, environ 900 bombes guid\u00e9es et 50 missiles contre l\u2019Ukraine. C\u2019est le pr\u00e9sident Volodymyr Zelensky qui l\u2019affirme sur les r\u00e9seaux sociaux. Selon lui, des frappes ont vis\u00e9 les oblasts de Tchernihiv, Kharkiv, Odessa, Kherson, Kiev, Zaporijia, Dnipropetrovsk, Kirovohrad, Khmelnytsky, Jytomyr, Volhynie, Ivano-Frankivsk, Rivne et Lviv.<\/p>\n<p>Le minist\u00e8re de l\u2019int\u00e9rieur ukrainien a aussi profit\u00e9 de la fin de la semaine pour rappeler que 2\u00a0577\u00a0soldats ukrainiens sont en captivit\u00e9 en Russie, selon une analyse r\u00e9alis\u00e9e par une mission d\u2019experts ind\u00e9pendants.<\/p>\n<p>Le chiffre du jour<\/p>\n<p>2.700. C\u2019est le nombre de drones-kamikazes Shahed que la Russie est d\u00e9sormais capable de produire chaque mois. Andri Ioussov, porte-parole du renseignement militaire ukrainien, en a fait la r\u00e9v\u00e9lation dans une interview \u00e0 la cha\u00eene Novyny. Live. La Russie a multipli\u00e9 par dix sa production de drones Shahed en l\u2019espace de deux ans. Au d\u00e9but de la guerre contre l\u2019Ukraine, la Russie achetait ces drones \u00e0 l\u2019Iran.<\/p>\n<\/p>\n<p>La d\u00e9claration du jour<\/p>\n<blockquote class=\"mx-m@xs mx-xxl@md color-ultramarine c-citation\">\n<p class=\"font-weight-regular@xs text-italic font-source-serif-pro text-l@xs c-citation__content\">\u00ab\u00a0\u00ab\u00a0Nous allons les aider. Mais l\u2019Europe sera la premi\u00e8re \u00e0 s\u2019engager, et de loin. C\u2019est ce qu\u2019ils veulent, ils veulent que la guerre prenne fin.\u00a0\u00bb\u00a0\u00bb<\/p>\n<\/blockquote>\n<p>Dans une d\u00e9claration de soutien \u00e0 l\u2019Ukraine, et apr\u00e8s avoir imagin\u00e9 une rencontre entre Volodymyr Zelensky et Vladimir Poutine dans les semaines \u00e0 venir, Donald Trump a estim\u00e9 que les pays europ\u00e9ens devraient \u00eatre en premi\u00e8re ligne pour garantir la s\u00e9curit\u00e9 \u00e0 l\u2019Ukraine.<\/p>\n<p>La tendance<\/p>\n<p>La Lituanie et l\u2019Estonie sont inqui\u00e8tes. Les deux pays baltes voisins de la Russie, et menac\u00e9s \u00e0 plusieurs reprises \u00e0 mots couverts par Vladimir Poutine, regrettent l\u2019aide militaire am\u00e9ricaine qu\u2019ils devaient recevoir ait \u00e9t\u00e9 significativement r\u00e9duit, selon le Financial Times, par l\u2019administration Trump. Washington a annonc\u00e9 son intention de mettre fin \u00e0 plusieurs programmes de soutien aux pays europ\u00e9ens proches de la Russie, dans une volont\u00e9 d\u2019apaisement avec Moscou. Selon le Washington Post, l\u2019aide \u00e0 la Lituanie et l\u2019Estonie devait s\u2019\u00e9lever \u00e0 plusieurs dizaines de millions de dollars.<\/p>\n<p>\u00ab\u00a0La semaine derni\u00e8re, le d\u00e9partement am\u00e9ricain de la D\u00e9fense a inform\u00e9 les pays (concern\u00e9s) qu\u2019\u00e0 partir du prochain exercice financier, le financement serait ramen\u00e9 \u00e0 z\u00e9ro\u00a0\u00bb, a d\u00e9clar\u00e9 \u00e0 la presse un haut responsable au minist\u00e8re lituanien de la D\u00e9fense. L\u2019aide \u00e9tait destin\u00e9e, dans le cas de la Lituanie, \u00e0 financer des \u00ab\u00a0achats d\u2019armes am\u00e9ricaines ou d\u2019autres \u00e9quipements, des formations.\u00a0\u00bb<\/p>\n<p>Le ministre lituanien de la D\u00e9fense, Vaidotas Urbelis, a d\u00e9voil\u00e9 que ce programme repr\u00e9sentait, certaines ann\u00e9es, 80\u00a0% de l\u2019ensemble de l\u2019aide financi\u00e8re militaire \u00e0 son pays.<\/p>\n<p>ne.<\/p>\n","protected":false},"excerpt":{"rendered":"Vous avez rat\u00e9 les derniers \u00e9v\u00e9nements sur la guerre en Ukraine\u00a0? 20 Minutes fait le point pour vous&hellip;\n","protected":false},"author":2,"featured_media":371323,"comment_status":"","ping_status":"","sticky":false,"template":"","format":"standard","meta":{"footnotes":""},"categories":[1590],"tags":[47,11,828,309,1777,674,131,74,12,136,132,220,135,134],"class_list":{"0":"post-371322","1":"post","2":"type-post","3":"status-publish","4":"format-standard","5":"has-post-thumbnail","7":"category-ukraine","8":"tag-actualite","9":"tag-actualites","10":"tag-belgique","11":"tag-chine","12":"tag-eu","13":"tag-europe","14":"tag-guerre-en-ukraine","15":"tag-monde","16":"tag-news","17":"tag-otan","18":"tag-russie","19":"tag-ukraine","20":"tag-vladimir-poutine","21":"tag-volodymyr-zelensky"},"share_on_mastodon":{"url":"https:\/\/pubeurope.com\/@fr\/115159007512359967","error":""},"_links":{"self":[{"href":"https:\/\/www.europesays.com\/fr\/wp-json\/wp\/v2\/posts\/371322","targetHints":{"allow":["GET"]}}],"collection":[{"href":"https:\/\/www.europesays.com\/fr\/wp-json\/wp\/v2\/posts"}],"about":[{"href":"https:\/\/www.europesays.com\/fr\/wp-json\/wp\/v2\/types\/post"}],"author":[{"embeddable":true,"href":"https:\/\/www.europesays.com\/fr\/wp-json\/wp\/v2\/users\/2"}],"replies":[{"embeddable":true,"href":"https:\/\/www.europesays.com\/fr\/wp-json\/wp\/v2\/comments?post=371322"}],"version-history":[{"count":0,"href":"https:\/\/www.europesays.com\/fr\/wp-json\/wp\/v2\/posts\/371322\/revisions"}],"wp:featuredmedia":[{"embeddable":true,"href":"https:\/\/www.europesays.com\/fr\/wp-json\/wp\/v2\/media\/371323"}],"wp:attachment":[{"href":"https:\/\/www.europesays.com\/fr\/wp-json\/wp\/v2\/media?parent=371322"}],"wp:term":[{"taxonomy":"category","embeddable":true,"href":"https:\/\/www.europesays.com\/fr\/wp-json\/wp\/v2\/categories?post=371322"},{"taxonomy":"post_tag","embeddable":true,"href":"https:\/\/www.europesays.com\/fr\/wp-json\/wp\/v2\/tags?post=371322"}],"curies":[{"name":"wp","href":"https:\/\/api.w.org\/{rel}","templated":true}]}}