{"id":371326,"date":"2025-09-06T19:30:17","date_gmt":"2025-09-06T19:30:17","guid":{"rendered":"https:\/\/www.europesays.com\/fr\/371326\/"},"modified":"2025-09-06T19:30:17","modified_gmt":"2025-09-06T19:30:17","slug":"en-tete-dans-les-sondages-le-populiste-nigel-farage-ouvre-le-congres-de-son-parti-anti-immigration","status":"publish","type":"post","link":"https:\/\/www.europesays.com\/fr\/371326\/","title":{"rendered":"en t\u00eate dans les sondages, le populiste Nigel Farage ouvre le congr\u00e8s de son parti anti-immigration"},"content":{"rendered":"<p class=\"mb-4 text-lg md:leading-8 break-words\">La saison des congr\u00e8s politiques s\u2019ouvre au Royaume-Uni et c\u2019est Reform UK, le parti le plus \u00e0 droite de l\u2019\u00e9chiquier politique, qui a donn\u00e9 le coup d\u2019envoi, jeudi 4\u00a0septembre. Nationaliste, anti-immigration, pro-Brexit, le mouvement est men\u00e9 par Nigel Farage \u2013 artisan du Brexit et embl\u00e9matique communicant \u2013 qui s\u2019exprimait vendredi 5 septembre. Objectif affich\u00e9 : arriver \u00e0 la r\u00e9sidence du Premier ministre, au 10\u00a0Downing Street.<\/p>\n<p class=\"mb-4 text-lg md:leading-8 break-words\">Avec notre correspondante \u00e0 Londres, <strong>Emeline Vin<\/strong><\/p>\n<p class=\"mb-4 text-lg md:leading-8 break-words\">Le discours de <strong><a href=\"https:\/\/www.rfi.fr\/fr\/europe\/20250531-royaume-uni-le-leader-d-extr\u00eame-droite-nigel-farage-dit-accepter-les-dons-en-crypto-pour-son-parti\" rel=\"nofollow noopener\" target=\"_blank\" data-ylk=\"slk:Nigel Farage;elm:context_link;itc:0;sec:content-canvas\" class=\"link \">Nigel Farage<\/a><\/strong> a \u00e9t\u00e9 avanc\u00e9 de trois heures, co\u00efncidant <a href=\"https:\/\/fr.news.yahoo.com\/au-royaume-uni-keir-starmer-221623664.html\" data-ylk=\"slk:avec l\u2019annonce de la d\u00e9mission d\u2019Angela Rayner;elm:context_link;itc:0;sec:content-canvas;outcm:mb_qualified_link;_E:mb_qualified_link;ct:story;\" class=\"link  yahoo-link\" rel=\"nofollow noopener\" target=\"_blank\"><strong>avec l\u2019annonce de la d\u00e9mission d\u2019Angela Rayner<\/strong><\/a>, vice-premi\u00e8re ministre travailliste, emport\u00e9e par une affaire fiscale. Du pain b\u00e9nit pour Nigel Farage, d\u00e9j\u00e0 en t\u00eate dans les sondages.<\/p>\n<p class=\"mb-4 text-lg md:leading-8 break-words\">\u00ab Le d\u00e9part d\u2019Angela Rayner signifie qu\u2019il y aura une \u00e9lection interne au parti travailliste. On a l\u2019habitude des divisions au parti conservateur : pr\u00e9parez-vous au grand schisme au Labour ! Je pense qu\u2019il y a de bonnes chances que les prochaines \u00e9lections se tiennent en 2027 \u00bb, a-t-il lanc\u00e9. Soit deux ans plus t\u00f4t que pr\u00e9vu.<\/p>\n<p class=\"mb-4 text-lg md:leading-8 break-words\"><strong><a href=\"https:\/\/www.rfi.fr\/fr\/podcasts\/accents-d-europe\/20250429-l-ascension-fulgurante-des-populistes-de-reform-uk\" rel=\"nofollow noopener\" target=\"_blank\" data-ylk=\"slk:Reform UK;elm:context_link;itc:0;sec:content-canvas\" class=\"link \">Reform UK<\/a><\/strong> annonce d\u00e9j\u00e0 l\u2019ouverture d\u2019un \u00ab bureau de pr\u00e9paration au gouvernement \u00bb, annonce son leader charismatique, mais clivant. Cela pour que, \u00ab une fois \u00e9lu, on se mette tout de suite au travail \u00bb.<\/p>\n<p class=\"mb-4 text-lg md:leading-8 break-words\">\u00c0 \u00e9couter aussi<a href=\"https:\/\/www.rfi.fr\/fr\/podcasts\/reportage-international\/20250703-au-royaume-uni-nigel-farage-un-an-apr\u00e8s-son-\u00e9lection-\u00e0-clacton-on-sea-bouscule-l-ordre-\u00e9tabli\" class=\"link \" rel=\"nofollow noopener\" target=\"_blank\" data-ylk=\"slk:Au Royaume-Uni, Nigel Farage un an apr\u00e8s son \u00e9lection \u00e0 Clacton-on-Sea \u00abbouscule l&#039;ordre \u00e9tabli\u00bb;elm:context_link;itc:0;sec:content-canvas\">Au Royaume-Uni, Nigel Farage un an apr\u00e8s son \u00e9lection \u00e0 Clacton-on-Sea \u00abbouscule l&rsquo;ordre \u00e9tabli\u00bb<\/a><\/p>\n<p>Immigration et anti-syst\u00e8me<\/p>\n<p class=\"mb-4 text-lg md:leading-8 break-words\">Nigel Farage a soign\u00e9 la mise en sc\u00e8ne : ambiance de meeting \u00e0 l\u2019am\u00e9ricaine, effets visuels spectaculaires, jusqu\u2019\u00e0 des lance-flammes pour \u00e9lectriser la foule.\u00a0Le plus europhobe des dirigeants politiques britanniques s\u2019inspire de plus en plus de la rh\u00e9torique et de la politique de\u00a0Donald Trump\u00a0aux \u00c9tats-Unis. Nigel Farage s\u2019est engag\u00e9 \u00e0 \u00ab\u00a0rendre sa grandeur \u00e0 la Grande-Bretagne\u00a0\u00bb. Une strat\u00e9gie qui rappelle la c\u00e9l\u00e8bre formule de Donald Trump, son alli\u00e9 de longue date. Il y a deux jours, il a \u00e9t\u00e9 re\u00e7u dans le bureau ovale par le pr\u00e9sident am\u00e9ricain.<\/p>\n<p class=\"mb-4 text-lg md:leading-8 break-words\">C\u00f4t\u00e9 promesses, le parti s\u2019en tient aux fondamentaux : <strong><a href=\"https:\/\/fr.news.yahoo.com\/royaume-uni-manifestations-anti-immigration-065240313.html\" data-ylk=\"slk:l\u2019immigration;elm:context_link;itc:0;sec:content-canvas;outcm:mb_qualified_link;_E:mb_qualified_link;ct:story;\" class=\"link  yahoo-link\" rel=\"nofollow noopener\" target=\"_blank\">l\u2019immigration<\/a><\/strong>, l\u2019un des gros \u00e9checs du gouvernement actuel et l\u2019anti-syst\u00e8me. Acclam\u00e9 par son public, il promet d&rsquo;arr\u00eater les bateaux de migrants dans la Manche \u00ab en deux semaines \u00bb s&rsquo;il arrive au pouvoir. \u00ab Nous traversons un d\u00e9clin \u00e9conomique, une fracture sociale dans le maintien de l\u2019ordre, un d\u00e9clin culturel. C\u2019est comme si nos dirigeants avaient oubli\u00e9 qui nous sommes \u00bb.<\/p>\n<p class=\"mb-4 text-lg md:leading-8 break-words\">Face \u00e0 un gouvernement divis\u00e9 et une opposition squelettique, Nigel Farage quitte la sc\u00e8ne avec une promesse : \u00ab ce n\u2019est que le d\u00e9but \u00bb.<\/p>\n<p class=\"mb-4 text-lg md:leading-8 break-words\">\u00c0 \u00e9couter aussi<a href=\"https:\/\/www.rfi.fr\/fr\/podcasts\/d\u00e9cryptage\/20250825-royaume-uni-le-spectre-de-la-x\u00e9nophobie\" class=\"link \" rel=\"nofollow noopener\" target=\"_blank\" data-ylk=\"slk:Royaume-Uni : le spectre de la x\u00e9nophobie;elm:context_link;itc:0;sec:content-canvas\">Royaume-Uni : le spectre de la x\u00e9nophobie<\/a><\/p>\n","protected":false},"excerpt":{"rendered":"La saison des congr\u00e8s politiques s\u2019ouvre au Royaume-Uni et c\u2019est Reform UK, le parti le plus \u00e0 droite&hellip;\n","protected":false},"author":2,"featured_media":5539,"comment_status":"","ping_status":"","sticky":false,"template":"","format":"standard","meta":{"footnotes":""},"categories":[1588],"tags":[11,50545,1777,674,12,10669,13695,473,1853,1851,1850,1852],"class_list":{"0":"post-371326","1":"post","2":"type-post","3":"status-publish","4":"format-standard","5":"has-post-thumbnail","7":"category-royaume-uni","8":"tag-actualites","9":"tag-congres-politiques","10":"tag-eu","11":"tag-europe","12":"tag-news","13":"tag-nigel-farage","14":"tag-parti","15":"tag-royaume-uni","16":"tag-royaume-uni-de-grande-bretagne-et-dirlande-du-nord","17":"tag-uk","18":"tag-united-kingdom","19":"tag-united-kingdom-of-great-britain-and-northern-ireland"},"share_on_mastodon":{"url":"https:\/\/pubeurope.com\/@fr\/115159015712727601","error":""},"_links":{"self":[{"href":"https:\/\/www.europesays.com\/fr\/wp-json\/wp\/v2\/posts\/371326","targetHints":{"allow":["GET"]}}],"collection":[{"href":"https:\/\/www.europesays.com\/fr\/wp-json\/wp\/v2\/posts"}],"about":[{"href":"https:\/\/www.europesays.com\/fr\/wp-json\/wp\/v2\/types\/post"}],"author":[{"embeddable":true,"href":"https:\/\/www.europesays.com\/fr\/wp-json\/wp\/v2\/users\/2"}],"replies":[{"embeddable":true,"href":"https:\/\/www.europesays.com\/fr\/wp-json\/wp\/v2\/comments?post=371326"}],"version-history":[{"count":0,"href":"https:\/\/www.europesays.com\/fr\/wp-json\/wp\/v2\/posts\/371326\/revisions"}],"wp:featuredmedia":[{"embeddable":true,"href":"https:\/\/www.europesays.com\/fr\/wp-json\/wp\/v2\/media\/5539"}],"wp:attachment":[{"href":"https:\/\/www.europesays.com\/fr\/wp-json\/wp\/v2\/media?parent=371326"}],"wp:term":[{"taxonomy":"category","embeddable":true,"href":"https:\/\/www.europesays.com\/fr\/wp-json\/wp\/v2\/categories?post=371326"},{"taxonomy":"post_tag","embeddable":true,"href":"https:\/\/www.europesays.com\/fr\/wp-json\/wp\/v2\/tags?post=371326"}],"curies":[{"name":"wp","href":"https:\/\/api.w.org\/{rel}","templated":true}]}}