{"id":371327,"date":"2025-09-06T19:31:27","date_gmt":"2025-09-06T19:31:27","guid":{"rendered":"https:\/\/www.europesays.com\/fr\/371327\/"},"modified":"2025-09-06T19:31:27","modified_gmt":"2025-09-06T19:31:27","slug":"commentaires-sur-le-match-allemagne","status":"publish","type":"post","link":"https:\/\/www.europesays.com\/fr\/371327\/","title":{"rendered":"Commentaires sur le match Allemagne"},"content":{"rendered":"<p><img decoding=\"async\" alt=\"Commentaires sur le match Allemagne - Irlande du Nord, 1h45, le 8 septembre\u00a0: Le \u00ab\u00a0tank\u00a0\u00bb n'a pas de retour en arri\u00e8re\u00a0- photo\u00a01\" src=\"https:\/\/www.europesays.com\/fr\/wp-content\/uploads\/2025\/09\/8b3a1b50df694d6c85f80d64ce8c5540.jpeg\" data-original=\"https:\/\/media.baovanhoa.vn\/uploaded\/ngoctrung\/2025_09_06\/duc_vs_bac_ireland_ukcv.jpg\"\/><\/p>\n<p> <strong style=\"color: #000000;\">Formulaire Allemagne &#8211; Irlande du Nord<\/strong><\/p>\n<p> Plac\u00e9e dans un groupe avec la Slovaquie, l&rsquo;Irlande du Nord et le Luxembourg, l&rsquo;Allemagne est tr\u00e8s appr\u00e9ci\u00e9e pour sa capacit\u00e9 \u00e0 prendre la premi\u00e8re place et le seul billet direct pour la Coupe du monde 2026. Cependant, la Mannschaft s&rsquo;est mise dans une position difficile d\u00e8s le match d&rsquo;ouverture du groupe A.<\/p>\n<p> Se rendant \u00e0 Bratislava avec une grande confiance, l&rsquo;entra\u00eeneur Julian Nagelsmann et son \u00e9quipe \u00e9taient cens\u00e9s remporter les trois points face \u00e0 la Slovaquie, l&rsquo;adversaire le plus dangereux. Cependant, des erreurs d\u00e9fensives et une mauvaise capacit\u00e9 \u00e0 exploiter les occasions ont contraint Florian Wirtz et ses co\u00e9quipiers \u00e0 rentrer bredouilles, prolongeant ainsi leur s\u00e9rie de d\u00e9faites \u00e0 trois.<\/p>\n<p> Certains changements op\u00e9r\u00e9s par Nagelsmann n&rsquo;ont pas fonctionn\u00e9 et ont m\u00eame r\u00e9duit l&rsquo;efficacit\u00e9 de l&rsquo;Allemagne. L&rsquo;\u00e9quipe, actuellement class\u00e9e 9e au classement FIFA, s&rsquo;est montr\u00e9e vuln\u00e9rable en d\u00e9fense, tandis que son jeu offensif a \u00e9t\u00e9 peu fluide.<\/p>\n<p> Au vu de l&rsquo;effectif actuel et des performances de la Mannschaft, les supporters devraient probablement \u00eatre plus inquiets. Apr\u00e8s deux ans \u00e0 la t\u00eate de l&rsquo;\u00e9quipe, en remplacement de son pr\u00e9d\u00e9cesseur Hansi Flick, Nagelsmann semble toujours avoir du mal \u00e0 trouver une \u00e9quipe adapt\u00e9e.<\/p>\n<p> Mais il faut aussi compatir avec le strat\u00e8ge n\u00e9 en 1987, car il n&rsquo;a actuellement que peu d&rsquo;options. Le football allemand a \u00e9t\u00e9 confront\u00e9 \u00e0 de nombreux probl\u00e8mes au cours de la derni\u00e8re d\u00e9cennie, notamment le d\u00e9clin \u00e9vident de la qualit\u00e9 de la formation des jeunes.<\/p>\n<p> Nagelsmann lui-m\u00eame \u00e9tait tr\u00e8s m\u00e9content de la performance de ses joueurs apr\u00e8s la d\u00e9faite en Slovaquie. Il ne serait donc pas surprenant que l&rsquo;ancien entra\u00eeneur du Bayern Munich continue d&rsquo;apporter des changements \u00e0 son onze de d\u00e9part, donnant ainsi sa chance \u00e0 des joueurs moins connus mais plus ambitieux. <\/p>\n<p><img decoding=\"async\" alt=\"Commentaires sur le match Allemagne - Irlande du Nord, 1h45, le 8 septembre\u00a0: Le \u00ab\u00a0tank\u00a0\u00bb n'a pas de retour en arri\u00e8re\u00a0- photo\u00a02\" src=\"https:\/\/www.europesays.com\/fr\/wp-content\/uploads\/2025\/09\/424e682c6eb942afb1e70f12d586868d.jpeg\" data-original=\"https:\/\/media.baovanhoa.vn\/uploaded\/ngoctrung\/2025_09_06\/duc_vs_bac_ireland2_ltvg.jpg\"\/> L&rsquo;Allemagne d\u00e9\u00e7ue par la d\u00e9faite humiliante 0-2 contre son adversaire direct, la Slovaquie<\/p>\n<p> Cette d\u00e9faite catastrophique oblige l&rsquo;Allemagne \u00e0 remporter ses cinq derniers matchs si elle veut d\u00e9cider de son sort. La r\u00e9ception de l&rsquo;Irlande du Nord sera une excellente occasion pour la Mannschaft de se racheter et de prouver sa valeur en tant que candidate la plus prometteuse du groupe A.<\/p>\n<p> L&rsquo;Irlande du Nord, quant \u00e0 elle, reprend confiance gr\u00e2ce \u00e0 un d\u00e9but de saison r\u00e9ussi. Sous la houlette de Michael O&rsquo;Neill, l&rsquo;\u00e9quipe a facilement battu le Luxembourg 3-1. Cependant, cette victoire face \u00e0 un adversaire clairement en bas de tableau ne compromet pas son ambition de se qualifier pour le plus grand festival de football de la plan\u00e8te.<\/p>\n<p> L&rsquo;Irlande du Nord a besoin de plus que cela\u00a0: de bons r\u00e9sultats face \u00e0 des adversaires plus forts comme l&rsquo;Allemagne ou la Slovaquie. Mais se d\u00e9placer \u00e0 Cologne repr\u00e9sente un d\u00e9fi trop important pour Connor Bradley et ses co\u00e9quipiers. Rappelons que lors des neuf derni\u00e8res confrontations entre les deux \u00e9quipes, l&rsquo;Irlande du Nord a tout perdu.<\/p>\n<p> <strong>Informations sur l&rsquo;\u00e9quipe Allemagne &#8211; Irlande du Nord<\/strong><\/p>\n<p> Allemagne : Jamal Musiala, Kai Havertz, Deniz Undav, Marc-Andr\u00e9 ter Stegen et Nico Schlotterbeck sont absents pour cause de blessure.<\/p>\n<p> Irlande du Nord : La liste des bless\u00e9s est assez longue avec : Paul Smyth, Pierce Charles, Daniel Ballard, Brodie Spencer et Ciaron Brown et Conor Hazard.<\/p>\n<p> <strong>Composition pr\u00e9vue du match Allemagne-Irlande du Nord<\/strong><\/p>\n<p> Allemagne : Baumann ; Raum, Tah, Rudiger, Mittelstadt\u00a0; Kimmich, Gross; Adeyemi, Wirtz, Gnabry ; Woltemade<\/p>\n<p> Irlande du Nord\u00a0: Peacock-Farrell\u00a0; McConville, McNair, Hume\u00a0; Bradley, McCann, S. Charles, Devenny\u00a0; Galbraith, Price\u00a0; Reid<\/p>\n<p> <strong>Pr\u00e9diction : 2-0<\/strong> <\/p>\n<p class=\"mb-0\">Source : https:\/\/baovanhoa.vn\/the-thao\/nhan-dinh-tran-dau-duc-vs-bac-ireland-1h45-ngay-89-co-xe-tang-khong-con-duong-lui-166529.html<\/p>\n","protected":false},"excerpt":{"rendered":"Formulaire Allemagne &#8211; Irlande du Nord Plac\u00e9e dans un groupe avec la Slovaquie, l&rsquo;Irlande du Nord et le&hellip;\n","protected":false},"author":2,"featured_media":371328,"comment_status":"","ping_status":"","sticky":false,"template":"","format":"standard","meta":{"footnotes":""},"categories":[1587],"tags":[11,672,1804,1805,1803,49846,1777,674,1801,16776,12,1802,32520],"class_list":{"0":"post-371327","1":"post","2":"type-post","3":"status-publish","4":"format-standard","5":"has-post-thumbnail","7":"category-allemagne","8":"tag-actualites","9":"tag-allemagne","10":"tag-bundesrepublik-deutschland","11":"tag-de","12":"tag-deutschland","13":"tag-eliminatoires-de-la-coupe-du-monde-2026","14":"tag-eu","15":"tag-europe","16":"tag-germany","17":"tag-irlande-du-nord","18":"tag-news","19":"tag-republique-federale-dallemagne","20":"tag-vertu"},"share_on_mastodon":{"url":"https:\/\/pubeurope.com\/@fr\/115159019401321540","error":""},"_links":{"self":[{"href":"https:\/\/www.europesays.com\/fr\/wp-json\/wp\/v2\/posts\/371327","targetHints":{"allow":["GET"]}}],"collection":[{"href":"https:\/\/www.europesays.com\/fr\/wp-json\/wp\/v2\/posts"}],"about":[{"href":"https:\/\/www.europesays.com\/fr\/wp-json\/wp\/v2\/types\/post"}],"author":[{"embeddable":true,"href":"https:\/\/www.europesays.com\/fr\/wp-json\/wp\/v2\/users\/2"}],"replies":[{"embeddable":true,"href":"https:\/\/www.europesays.com\/fr\/wp-json\/wp\/v2\/comments?post=371327"}],"version-history":[{"count":0,"href":"https:\/\/www.europesays.com\/fr\/wp-json\/wp\/v2\/posts\/371327\/revisions"}],"wp:featuredmedia":[{"embeddable":true,"href":"https:\/\/www.europesays.com\/fr\/wp-json\/wp\/v2\/media\/371328"}],"wp:attachment":[{"href":"https:\/\/www.europesays.com\/fr\/wp-json\/wp\/v2\/media?parent=371327"}],"wp:term":[{"taxonomy":"category","embeddable":true,"href":"https:\/\/www.europesays.com\/fr\/wp-json\/wp\/v2\/categories?post=371327"},{"taxonomy":"post_tag","embeddable":true,"href":"https:\/\/www.europesays.com\/fr\/wp-json\/wp\/v2\/tags?post=371327"}],"curies":[{"name":"wp","href":"https:\/\/api.w.org\/{rel}","templated":true}]}}