{"id":371329,"date":"2025-09-06T19:32:21","date_gmt":"2025-09-06T19:32:21","guid":{"rendered":"https:\/\/www.europesays.com\/fr\/371329\/"},"modified":"2025-09-06T19:32:21","modified_gmt":"2025-09-06T19:32:21","slug":"donald-trump-veut-que-leurope-soit-la-premiere-a-sengager-2","status":"publish","type":"post","link":"https:\/\/www.europesays.com\/fr\/371329\/","title":{"rendered":"Donald Trump veut que l\u2019Europe soit \u00ab la premi\u00e8re \u00e0 s\u2019engager \u00bb"},"content":{"rendered":"<p class=\"mb-4 text-lg md:leading-8 break-words\"><strong>R\u00e9cap &#8211; \u00ab\u00a020 Minutes\u00a0\u00bb fait le point pour vous tous les soirs sur le conflit en Ukraine. Ce samedi, les Etats-Unis mettent la pression sur les Europ\u00e9ens et retirent leur soutien aux pays baltes<\/strong><\/p>\n<p class=\"mb-4 text-lg md:leading-8 break-words\">Vous avez rat\u00e9 les derniers \u00e9v\u00e9nements sur la <a href=\"https:\/\/www.20minutes.fr\/monde\/ukraine\/?at_medium=RSS%20feed&amp;at_campaign=ynews&amp;utm_source=yahoo&amp;utm_medium=rss&amp;utm_campaign=news_feed&amp;utm_content=in_article_link\" rel=\"nofollow noopener\" target=\"_blank\" data-ylk=\"slk:guerre en Ukraine;elm:context_link;itc:0;sec:content-canvas\" class=\"link \">guerre en Ukraine<\/a>\u00a0? 20 Minutes fait le point pour vous tous les soirs. Voici l\u2019essentiel de ce samedi 6\u00a0septembre, 1.291e jour du conflit.<\/p>\n<p>Le fait du jour<\/p>\n<p class=\"mb-4 text-lg md:leading-8 break-words\">L\u2019Ukraine fait d\u00e9j\u00e0 les comptes de septembre. En six jours, la Russie aurait lanc\u00e9 plus de 1.300 drones, environ 900 bombes guid\u00e9es et 50 missiles contre l\u2019Ukraine. C\u2019est le pr\u00e9sident Volodymyr Zelensky qui l\u2019affirme sur les r\u00e9seaux sociaux. Selon lui, des frappes ont vis\u00e9 les oblasts de Tchernihiv, Kharkiv, Odessa, Kherson, Kiev, Zaporijia, Dnipropetrovsk, Kirovohrad, Khmelnytsky, Jytomyr, Volhynie, Ivano-Frankivsk, Rivne et Lviv.<\/p>\n<p class=\"mb-4 text-lg md:leading-8 break-words\">Le minist\u00e8re de l\u2019int\u00e9rieur ukrainien a aussi profit\u00e9 de la fin de la semaine pour rappeler que 2\u00a0577\u00a0soldats ukrainiens sont en captivit\u00e9 en Russie, selon une analyse r\u00e9alis\u00e9e par une mission d\u2019experts ind\u00e9pendants.<\/p>\n<p>Le chiffre du jour<\/p>\n<p class=\"mb-4 text-lg md:leading-8 break-words\"><strong>2.700.<\/strong> C\u2019est le nombre de drones-kamikazes Shahed que la Russie est d\u00e9sormais capable de produire chaque mois. Andri Ioussov, porte-parole du renseignement militaire ukrainien, en a fait la r\u00e9v\u00e9lation dans une interview \u00e0 la cha\u00eene Novyny. Live. La Russie a multipli\u00e9 par dix sa production de drones Shahed en l\u2019espace de deux ans. Au d\u00e9but de la guerre contre l\u2019Ukraine, la Russie achetait ces drones \u00e0 l\u2019Iran.<\/p>\n<p>La d\u00e9claration du jour<\/p>\n<blockquote class=\"mb-4 border-l-2 pl-5 italic text-tertiary\">\n<p class=\"mb-4 text-lg md:leading-8 break-words\">\u00ab\u00a0Nous allons les aider. Mais l\u2019Europe sera la premi\u00e8re \u00e0 s\u2019engager, et de loin. C\u2019est ce qu\u2019ils veulent, ils veulent que la guerre prenne fin.\u00a0\u00bb<\/p>\n<\/blockquote>\n<p class=\"mb-4 text-lg md:leading-8 break-words\">Dans une d\u00e9claration de soutien \u00e0 l\u2019Ukraine,(&#8230;)<\/p>\n<p class=\"mb-4 text-lg md:leading-8 break-words\"><a href=\"https:\/\/www.20minutes.fr\/monde\/ukraine\/4171601-20250906-guerre-ukraine-donald-trump-veut-europe-premiere-engager?at_medium=RSS%20feed&amp;at_campaign=ynews&amp;utm_source=yahoo&amp;utm_medium=rss&amp;utm_campaign=news_feed&amp;utm_content=read_more_link&quot;\" rel=\"nofollow noopener\" target=\"_blank\" data-ylk=\"slk:Lire la suite sur 20minutes;elm:context_link;itc:0;sec:content-canvas\" class=\"link \">Lire la suite sur 20minutes<\/a><\/p>\n<p>\u00c0 lire aussi :<br \/><a href=\"https:\/\/www.20minutes.fr\/monde\/ukraine\/4171449-20250905-guerre-ukraine-comme-jeux-video-morts-russes-rapportent-points-soldats-kiev?at_medium=RSS%20feed&amp;at_campaign=ynews&amp;utm_source=yahoo&amp;utm_medium=rss&amp;utm_campaign=news_feed&amp;utm_content=related_content_link\" rel=\"nofollow noopener\" target=\"_blank\" data-ylk=\"slk:Guerre en Ukraine\u00a0: Comme dans les jeux vid\u00e9o, les morts russes rapportent des points aux soldats de Kiev;elm:context_link;itc:0;sec:content-canvas\" class=\"link \">Guerre en Ukraine\u00a0: Comme dans les jeux vid\u00e9o, les morts russes rapportent des points aux soldats de Kiev<\/a><br \/><a href=\"https:\/\/www.20minutes.fr\/monde\/ukraine\/4171325-20250904-guerre-ukraine-france-allies-engagent-aller-defendre-paix-etats-unis-font-encore-desirer?at_medium=RSS%20feed&amp;at_campaign=ynews&amp;utm_source=yahoo&amp;utm_medium=rss&amp;utm_campaign=news_feed&amp;utm_content=related_content_link\" rel=\"nofollow noopener\" target=\"_blank\" data-ylk=\"slk:Guerre en Ukraine\u00a0: La France et ses alli\u00e9s s\u2019engagent \u00e0 aller d\u00e9fendre la paix, les Etats-Unis se font encore d\u00e9sirer;elm:context_link;itc:0;sec:content-canvas\" class=\"link \">Guerre en Ukraine\u00a0: La France et ses alli\u00e9s s\u2019engagent \u00e0 aller d\u00e9fendre la paix, les Etats-Unis se font encore d\u00e9sirer<\/a><\/p>\n","protected":false},"excerpt":{"rendered":"R\u00e9cap &#8211; \u00ab\u00a020 Minutes\u00a0\u00bb fait le point pour vous tous les soirs sur le conflit en Ukraine. Ce&hellip;\n","protected":false},"author":2,"featured_media":371330,"comment_status":"","ping_status":"","sticky":false,"template":"","format":"standard","meta":{"footnotes":""},"categories":[1586],"tags":[642,11,73,1777,674,1011,27,5493,7403,12,25,220],"class_list":{"0":"post-371329","1":"post","2":"type-post","3":"status-publish","4":"format-standard","5":"has-post-thumbnail","7":"category-europe","8":"tag-20-minutes","9":"tag-actualites","10":"tag-etats-unis","11":"tag-eu","12":"tag-europe","13":"tag-fr","14":"tag-france","15":"tag-lukraine","16":"tag-la-guerre","17":"tag-news","18":"tag-republique-francaise","19":"tag-ukraine"},"share_on_mastodon":{"url":"https:\/\/pubeurope.com\/@fr\/115159023210559429","error":""},"_links":{"self":[{"href":"https:\/\/www.europesays.com\/fr\/wp-json\/wp\/v2\/posts\/371329","targetHints":{"allow":["GET"]}}],"collection":[{"href":"https:\/\/www.europesays.com\/fr\/wp-json\/wp\/v2\/posts"}],"about":[{"href":"https:\/\/www.europesays.com\/fr\/wp-json\/wp\/v2\/types\/post"}],"author":[{"embeddable":true,"href":"https:\/\/www.europesays.com\/fr\/wp-json\/wp\/v2\/users\/2"}],"replies":[{"embeddable":true,"href":"https:\/\/www.europesays.com\/fr\/wp-json\/wp\/v2\/comments?post=371329"}],"version-history":[{"count":0,"href":"https:\/\/www.europesays.com\/fr\/wp-json\/wp\/v2\/posts\/371329\/revisions"}],"wp:featuredmedia":[{"embeddable":true,"href":"https:\/\/www.europesays.com\/fr\/wp-json\/wp\/v2\/media\/371330"}],"wp:attachment":[{"href":"https:\/\/www.europesays.com\/fr\/wp-json\/wp\/v2\/media?parent=371329"}],"wp:term":[{"taxonomy":"category","embeddable":true,"href":"https:\/\/www.europesays.com\/fr\/wp-json\/wp\/v2\/categories?post=371329"},{"taxonomy":"post_tag","embeddable":true,"href":"https:\/\/www.europesays.com\/fr\/wp-json\/wp\/v2\/tags?post=371329"}],"curies":[{"name":"wp","href":"https:\/\/api.w.org\/{rel}","templated":true}]}}