{"id":371333,"date":"2025-09-06T19:34:11","date_gmt":"2025-09-06T19:34:11","guid":{"rendered":"https:\/\/www.europesays.com\/fr\/371333\/"},"modified":"2025-09-06T19:34:11","modified_gmt":"2025-09-06T19:34:11","slug":"dans-le-mouvement-bloquons-tout-le-10-septembre-des-reminiscences-des-gilets-jaunes-mais-de-vraies-differences","status":"publish","type":"post","link":"https:\/\/www.europesays.com\/fr\/371333\/","title":{"rendered":"Dans le mouvement Bloquons tout le 10\u00a0septembre, des r\u00e9miniscences des \u00ab\u00a0gilets jaunes\u00a0\u00bb mais de vraies diff\u00e9rences"},"content":{"rendered":"<p>                         <img loading=\"lazy\" decoding=\"async\" src=\"https:\/\/www.europesays.com\/fr\/wp-content\/uploads\/2025\/09\/c32336d_upload-1-2kjbszyvnf9k-raf-pars-04-09-25-006.JPG\" alt=\"Une assembl\u00e9e g\u00e9n\u00e9rale organis\u00e9e en vue du mouvement Bloquons tout le 10\u00a0septembre, \u00e0 Paris, le 4\u00a0septembre\u00a02025.\"   width=\"664\" height=\"443\"\/>    Une assembl\u00e9e g\u00e9n\u00e9rale organis\u00e9e en vue du mouvement Bloquons tout le 10\u00a0septembre, \u00e0 Paris, le 4\u00a0septembre\u00a02025.  RAFAEL YAGHOBZADEH POUR \u00ab\u00a0LE MONDE\u00a0\u00bb                 <\/p>\n<p class=\"article__paragraph  \">On ne sait pas tr\u00e8s bien qui, le premier, a lanc\u00e9 sur TikTok ou Instagram l\u2019appel \u00ab\u00a0Bloquons tout\u00a0le 10\u00a0septembre\u00a0\u00bb. \u00ab\u00a0Et \u00e7a n\u2019a aucune importance car \u00e7a a correspondu pile poil au besoin de la population\u00a0\u00bb, estime Sabine Raynaud, professeure des \u00e9coles \u00e0 Montpellier, qui compte bien r\u00e9pondre pr\u00e9sente mercredi. Un appel au blocage \u00e0 l\u2019origine n\u00e9buleuse, une initiative devenue virale sur les r\u00e9seaux sociaux, un rendez-vous en dehors des cadres de mobilisation traditionnels \u2013 syndicaux, politiques, associatifs\u00a0? Il n\u2019a pas fallu longtemps pour que cet \u00e9lan soit compar\u00e9 au mouvement des \u00ab\u00a0gilets jaunes\u00a0\u00bb. A l\u2019\u00e9poque d\u00e9j\u00e0, personne n\u2019identifiait vraiment qui avait, le premier, appel\u00e9 sur Facebook ou YouTube \u00e0 un \u00ab\u00a0blocage national\u00a0\u00bb le 17\u00a0novembre\u00a02018.<\/p>\n<p>   Lire plus tard  <\/p>\n<p class=\"article__paragraph  \">Sur les canaux T\u00e9l\u00e9gram o\u00f9 l\u2019on d\u00e9bat encore des actions \u00e0 venir, des suggestions rappellent celles d\u2019il y a sept ans, comme le barrage des voies autour de ronds-points desservant des zones strat\u00e9giques. Les \u00ab\u00a0gilets jaunes\u00a0\u00bb ont aussi commenc\u00e9 par fermer les routes, puis sont rest\u00e9s sur place la nuit du 17\u00a0au 18\u00a0novembre\u00a0: l\u2019occupation des terre-pleins au milieu des ronds-points s\u2019est faite automatiquement, comme ensuite la construction de bases de vie avec cabanon, chaises et feu de camp qui ont permis les discussions collectives. C\u2019est l\u00e0 que les revendications se sont faites plus \u00e9labor\u00e9es\u00a0: le 17\u00a0novembre pas un \u00ab\u00a0gilet jaune\u00a0\u00bb n\u2019appelait \u00e0 la mise en place du RIC, le r\u00e9f\u00e9rendum d\u2019initiative citoyenne, unanimement demand\u00e9 quelques semaines plus tard. Au d\u00e9part, leurs dol\u00e9ances ressemblaient aux listes attrape-tout qu\u2019on a vu fleurir cet \u00e9t\u00e9.<\/p>\n<p class=\"reading-mode-only \"><strong>Il vous reste 72.03% de cet article \u00e0 lire. La suite est r\u00e9serv\u00e9e aux abonn\u00e9s.<\/strong><\/p>\n","protected":false},"excerpt":{"rendered":"Une assembl\u00e9e g\u00e9n\u00e9rale organis\u00e9e en vue du mouvement Bloquons tout le 10\u00a0septembre, \u00e0 Paris, le 4\u00a0septembre\u00a02025. RAFAEL YAGHOBZADEH&hellip;\n","protected":false},"author":2,"featured_media":371334,"comment_status":"","ping_status":"","sticky":false,"template":"","format":"standard","meta":{"footnotes":""},"categories":[2],"tags":[11,1011,27,12,25],"class_list":{"0":"post-371333","1":"post","2":"type-post","3":"status-publish","4":"format-standard","5":"has-post-thumbnail","7":"category-actualites","8":"tag-actualites","9":"tag-fr","10":"tag-france","11":"tag-news","12":"tag-republique-francaise"},"share_on_mastodon":{"url":"https:\/\/pubeurope.com\/@fr\/115159031105301491","error":""},"_links":{"self":[{"href":"https:\/\/www.europesays.com\/fr\/wp-json\/wp\/v2\/posts\/371333","targetHints":{"allow":["GET"]}}],"collection":[{"href":"https:\/\/www.europesays.com\/fr\/wp-json\/wp\/v2\/posts"}],"about":[{"href":"https:\/\/www.europesays.com\/fr\/wp-json\/wp\/v2\/types\/post"}],"author":[{"embeddable":true,"href":"https:\/\/www.europesays.com\/fr\/wp-json\/wp\/v2\/users\/2"}],"replies":[{"embeddable":true,"href":"https:\/\/www.europesays.com\/fr\/wp-json\/wp\/v2\/comments?post=371333"}],"version-history":[{"count":0,"href":"https:\/\/www.europesays.com\/fr\/wp-json\/wp\/v2\/posts\/371333\/revisions"}],"wp:featuredmedia":[{"embeddable":true,"href":"https:\/\/www.europesays.com\/fr\/wp-json\/wp\/v2\/media\/371334"}],"wp:attachment":[{"href":"https:\/\/www.europesays.com\/fr\/wp-json\/wp\/v2\/media?parent=371333"}],"wp:term":[{"taxonomy":"category","embeddable":true,"href":"https:\/\/www.europesays.com\/fr\/wp-json\/wp\/v2\/categories?post=371333"},{"taxonomy":"post_tag","embeddable":true,"href":"https:\/\/www.europesays.com\/fr\/wp-json\/wp\/v2\/tags?post=371333"}],"curies":[{"name":"wp","href":"https:\/\/api.w.org\/{rel}","templated":true}]}}