{"id":371335,"date":"2025-09-06T19:35:10","date_gmt":"2025-09-06T19:35:10","guid":{"rendered":"https:\/\/www.europesays.com\/fr\/371335\/"},"modified":"2025-09-06T19:35:10","modified_gmt":"2025-09-06T19:35:10","slug":"un-mort-et-cinq-blesses-dont-trois-graves","status":"publish","type":"post","link":"https:\/\/www.europesays.com\/fr\/371335\/","title":{"rendered":"un mort et cinq bless\u00e9s, dont trois graves"},"content":{"rendered":"<p>            Par<br \/>\n        <strong><br \/>\n            <a href=\"https:\/\/actu.fr\/auteur\/l-ameline\" title=\"Consulter tous les articles de Ludovic Ameline\" rel=\"nofollow noopener\" target=\"_blank\">Ludovic Ameline<\/a><br \/>\n        <\/strong><\/p>\n<p>        Publi\u00e9 le<\/p>\n<p>            6 sept. 2025 \u00e0 20h35        <\/p>\n<p>Vers 17 heures, dans des circonstances qui restent \u00e0 d\u00e9finir, un automobiliste circulant rue Fernand-Desplanques \u00e0 <a href=\"https:\/\/actu.fr\/normandie\/pirou_50403\" rel=\"nofollow noopener\" target=\"_blank\">Pirou<\/a> (<a href=\"https:\/\/actu.fr\/normandie\/manche_50\" rel=\"nofollow noopener\" target=\"_blank\">Manche<\/a>) a perdu le contr\u00f4le de sa voiture, au niveau de la cale de Pirou-plage. Le v\u00e9hicule a fauch\u00e9 <b>quatre pi\u00e9tons avant de s\u2019immobiliser sur le flanc.<\/b><\/p>\n<p>Une sc\u00e8ne de chaos<\/p>\n<p class=\" wall-content\">\u00c0 l\u2019arriv\u00e9e des secours, la sc\u00e8ne \u00e9tait <b>d\u2019une gravit\u00e9 sid\u00e9rante.<\/b> <b>Six victimes ont d\u00fb \u00eatre prises en charge\u2009:<\/b> les quatre pi\u00e9tons happ\u00e9s par la voiture et les deux occupants du v\u00e9hicule eux aussi bless\u00e9s.<\/p>\n<p class=\" wall-content\">Le bilan provisoire communiqu\u00e9 fait \u00e9tat d<b>\u2019un mort parmi les pi\u00e9tons et de trois autres gri\u00e8vement atteints<\/b>, transport\u00e9s en urgence absolue.<\/p>\n<p class=\" wall-content\">Face \u00e0 l\u2019ampleur de la situation, les sapeurs-pompiers de la Manche ont d\u00e9ploy\u00e9<b> des moyens consid\u00e9rables\u2009: <\/b>6 v\u00e9hicules de secours \u00e0 victimes, un v\u00e9hicule de secours routier, un v\u00e9hicule de balisage, une unit\u00e9 infirmi\u00e8re ainsi que la cha\u00eene de commandement sur le terrain.<\/p>\n<p class=\" wall-content\">Trois \u00e9quipes du SMUR et trois h\u00e9licopt\u00e8res (Dragon 50, Fragon 76 et H\u00e9lismur 61) ont \u00e9t\u00e9 mobilis\u00e9s pour les \u00e9vacuations m\u00e9dicales. Au total, <b>36 sapeurs-pompiers<\/b> venus de Pirou, Coutances, Lessay, P\u00e9riers, Saint-Sauveur-Lendelin, Bricquebec et Carentan ont \u00e9t\u00e9 engag\u00e9s.<\/p>\n<p>Cellule psychologique<\/p>\n<p class=\" wall-content\"><b>La zone a \u00e9t\u00e9 s\u00e9curis\u00e9e <\/b>en vue des premi\u00e8res constatations. L\u2019autorit\u00e9 judiciaire, pr\u00e9sente sur les lieux, devra d\u00e9terminer les circonstances pr\u00e9cises de cet accident dramatique.<b> L\u2019enqu\u00eate a \u00e9t\u00e9 confi\u00e9e aux gendarmes de la compagnie de Coutances.<\/b><\/p>\n<p>Vid\u00e9os : en ce moment sur Actu<\/p>\n<p class=\" wall-content\">Selon les premiers \u00e9l\u00e9ments recueillis sur place, l\u2019automobiliste aurait \u00e9t\u00e9 pris d\u2019un <b>malaise brutal.\u00a0<\/b>Une th\u00e8se confirm\u00e9e par le procureur de la R\u00e9publique de Coutances, Gauthier Poupeau. \u00ab Il semblerait que le conducteur du v\u00e9hicule \u00e0 bo\u00eete automatique ait fait un malaise. Le v\u00e9hicule a poursuivi sa route sur plusieurs m\u00e8tres avant de percuter un groupe de personnes. \u00bb<\/p>\n<p class=\" wall-content\">Il a confirm\u00e9 le d\u00e9c\u00e8s d\u2019une femme. \u00ab Trois autres personnes sont en urgence absolue. La th\u00e8se volontaire est formellement exclue. \u00bb<\/p>\n<p>Votre r\u00e9gion, votre actu !<\/p>\n<p>Recevez chaque jour les infos qui comptent pour vous.<\/p>\n<p>\t<a href=\"https:\/\/actu.fr\/newsletter\" class=\"ac-btn ac-btn--corner ac-btn--medium ac-btn--blue800\" rel=\"nofollow noopener\" target=\"_blank\">S&rsquo;incrire<\/a><\/p>\n<p class=\" wall-content\">L\u2019intervention \u00e9tait toujours en cours au moment o\u00f9 nous publions cet article. Les identit\u00e9s, \u00e2ges et sexes des victimes n\u2019ont pu nous \u00eatre communiqu\u00e9s.<\/p>\n<p class=\" wall-content\"><b>Une cellule psychologique<\/b> a \u00e9t\u00e9 mise en place pour accueillir les t\u00e9moins choqu\u00e9s de l\u2019accident.<\/p>\n<p class=\" wall-content\">Personnalisez votre actualit\u00e9 en ajoutant vos villes et m\u00e9dias en favori avec <a href=\"https:\/\/moncompte.actu.fr\" title=\"D\u00e9couvez Mon Actu\" rel=\"nofollow noopener\" data-trk=\"{&quot;cta&quot;:{&quot;action&quot;:&quot;https:\\\/\\\/moncompte.actu.fr&quot;,&quot;category&quot;:&quot;mon compte&quot;,&quot;from&quot;:&quot;article footer&quot;,&quot;name&quot;:&quot;Mon actu&quot;,&quot;type&quot;:&quot;cta&quot;}}\" target=\"_blank\">Mon Actu<\/a>.<\/p>\n","protected":false},"excerpt":{"rendered":"Par Ludovic Ameline Publi\u00e9 le 6 sept. 2025 \u00e0 20h35 Vers 17 heures, dans des circonstances qui restent&hellip;\n","protected":false},"author":2,"featured_media":371336,"comment_status":"","ping_status":"","sticky":false,"template":"","format":"standard","meta":{"footnotes":""},"categories":[2],"tags":[119,11,118,1011,27,12,1311,25],"class_list":{"0":"post-371335","1":"post","2":"type-post","3":"status-publish","4":"format-standard","5":"has-post-thumbnail","7":"category-actualites","8":"tag-accident","9":"tag-actualites","10":"tag-faits-divers","11":"tag-fr","12":"tag-france","13":"tag-news","14":"tag-pompiers","15":"tag-republique-francaise"},"share_on_mastodon":{"url":"https:\/\/pubeurope.com\/@fr\/115159035157645476","error":""},"_links":{"self":[{"href":"https:\/\/www.europesays.com\/fr\/wp-json\/wp\/v2\/posts\/371335","targetHints":{"allow":["GET"]}}],"collection":[{"href":"https:\/\/www.europesays.com\/fr\/wp-json\/wp\/v2\/posts"}],"about":[{"href":"https:\/\/www.europesays.com\/fr\/wp-json\/wp\/v2\/types\/post"}],"author":[{"embeddable":true,"href":"https:\/\/www.europesays.com\/fr\/wp-json\/wp\/v2\/users\/2"}],"replies":[{"embeddable":true,"href":"https:\/\/www.europesays.com\/fr\/wp-json\/wp\/v2\/comments?post=371335"}],"version-history":[{"count":0,"href":"https:\/\/www.europesays.com\/fr\/wp-json\/wp\/v2\/posts\/371335\/revisions"}],"wp:featuredmedia":[{"embeddable":true,"href":"https:\/\/www.europesays.com\/fr\/wp-json\/wp\/v2\/media\/371336"}],"wp:attachment":[{"href":"https:\/\/www.europesays.com\/fr\/wp-json\/wp\/v2\/media?parent=371335"}],"wp:term":[{"taxonomy":"category","embeddable":true,"href":"https:\/\/www.europesays.com\/fr\/wp-json\/wp\/v2\/categories?post=371335"},{"taxonomy":"post_tag","embeddable":true,"href":"https:\/\/www.europesays.com\/fr\/wp-json\/wp\/v2\/tags?post=371335"}],"curies":[{"name":"wp","href":"https:\/\/api.w.org\/{rel}","templated":true}]}}