{"id":371337,"date":"2025-09-06T19:36:28","date_gmt":"2025-09-06T19:36:28","guid":{"rendered":"https:\/\/www.europesays.com\/fr\/371337\/"},"modified":"2025-09-06T19:36:28","modified_gmt":"2025-09-06T19:36:28","slug":"la-question-sociale-en-france-aujourdhui-est-explosive-observe-henri-guaino-ancien-conseiller-de-nicolas-sarkozy-a-lelysee","status":"publish","type":"post","link":"https:\/\/www.europesays.com\/fr\/371337\/","title":{"rendered":"\u00ab\u00a0La question sociale en France, aujourd&rsquo;hui, est explosive\u00a0\u00bb, observe Henri Guaino, ancien conseiller de Nicolas Sarkozy \u00e0 l&rsquo;\u00c9lys\u00e9e"},"content":{"rendered":"<p>Blocage du 10 septembre: \u00ab\u00a0La question sociale en France, aujourd&rsquo;hui, est explosive\u00a0\u00bb, observe Henri Guaino, ancien conseiller de Nicolas Sarkozy \u00e0 l&rsquo;\u00c9lys\u00e9eSur le m\u00eame sujet<a href=\"https:\/\/www.bfmtv.com\/societe\/video-blocage-du-10-septembre-la-question-sociale-en-france-aujourd-hui-est-explosive-observe-henri-guaino-ancien-conseiller-de-nicolas-sarkozy-a-l-elysee_VN-202509060328.html\" title=\"Blocage du 10 septembre: &quot;La question sociale en France, aujourd&#039;hui, est explosive&quot;, observe Henri Guaino, ancien conseiller de Nicolas Sarkozy \u00e0 l&#039;\u00c9lys\u00e9e\" rel=\"nofollow noopener\" target=\"_blank\"><img width=\"16\" height=\"9\" class=\"lozad\"  alt=\"Blocage du 10 septembre: &quot;La question sociale en France, aujourd'hui, est explosive&quot;, observe Henri Guaino, ancien conseiller de Nicolas Sarkozy \u00e0 l'\u00c9lys\u00e9e\"\/>en lectureBlocage du 10 septembre: \u00ab\u00a0La question sociale en France, aujourd&rsquo;hui, est explosive\u00a0\u00bb, observe Henri Guaino, ancien conseiller de Nicolas Sarkozy \u00e0 l&rsquo;\u00c9lys\u00e9e<\/a><a href=\"https:\/\/www.bfmtv.com\/societe\/video-metaux-lourds-tendance-chez-les-jeunes-retour-sur-les-sachets-de-nicotine-qui-seront-interdits-en-france-en-2026_VN-202509060324.html\" title=\"M\u00e9taux lourds, tendance chez les jeunes: retour sur les sachets de nicotine qui seront interdits en France en 2026\" rel=\"nofollow noopener\" target=\"_blank\"><img width=\"16\" height=\"9\" class=\"lozad\"  alt=\"M\u00e9taux lourds, tendance chez les jeunes: retour sur les sachets de nicotine qui seront interdits en France en 2026\"\/>2:06M\u00e9taux lourds, tendance chez les jeunes: retour sur les sachets de nicotine qui seront interdits en France en 2026<\/a><a href=\"https:\/\/www.bfmtv.com\/societe\/video-les-choix-du-club-les-boomers-les-coupables-ideaux_VN-202509060310.html\" title=\"LES CHOIX DU CLUB - Les boomers: les coupables id\u00e9aux ?\" rel=\"nofollow noopener\" target=\"_blank\"><img width=\"16\" height=\"9\" class=\"lozad\"  alt=\"LES CHOIX DU CLUB - Les boomers: les coupables id\u00e9aux ?\"\/>4:57LES CHOIX DU CLUB &#8211; Les boomers: les coupables id\u00e9aux ?<\/a><a href=\"https:\/\/www.bfmtv.com\/societe\/insolite\/video-le-sabre-laser-de-dark-vador-vendu-3-65-millions-de-dollars-aux-encheres-aux-etats-unis_VN-202509060303.html\" title=\"Le sabre laser de Dark Vador vendu 3,65 millions de dollars aux ench\u00e8res aux \u00c9tats-Unis\" rel=\"nofollow noopener\" target=\"_blank\"><img width=\"16\" height=\"9\" class=\"lozad\"  alt=\"Le sabre laser de Dark Vador vendu 3,65 millions de dollars aux ench\u00e8res aux \u00c9tats-Unis\"\/>0:37Le sabre laser de Dark Vador vendu 3,65 millions de dollars aux ench\u00e8res aux \u00c9tats-Unis<\/a><a href=\"https:\/\/www.bfmtv.com\/politique\/video-mouvement-bloquons-tout-il-y-a-une-colere-et-une-injustice-tres-forte-dans-le-pays-observe-benjamin-lucas-lundy-depute-ecologistes_VN-202509060302.html\" title=\"Mouvement &quot;Bloquons tout&quot;: &quot;Il y a une col\u00e8re et une injustice tr\u00e8s forte dans le pays&quot;, observe Benjamin Lucas-Lundy, d\u00e9put\u00e9 \u00c9cologistes\" rel=\"nofollow noopener\" target=\"_blank\"><img width=\"16\" height=\"9\" class=\"lozad\"  alt=\"Mouvement &quot;Bloquons tout&quot;: &quot;Il y a une col\u00e8re et une injustice tr\u00e8s forte dans le pays&quot;, observe Benjamin Lucas-Lundy, d\u00e9put\u00e9 \u00c9cologistes\"\/>2:16Mouvement \u00ab\u00a0Bloquons tout\u00a0\u00bb: \u00ab\u00a0Il y a une col\u00e8re et une injustice tr\u00e8s forte dans le pays\u00a0\u00bb, observe Benjamin Lucas-Lundy, d\u00e9put\u00e9 \u00c9cologistes<\/a><a href=\"https:\/\/www.bfmtv.com\/societe\/video-blocage-du-10-septembre-pour-olivier-babeau-economiste-le-mouvement-a-ete-vide-de-son-sens_VN-202509060300.html\" title=\"Blocage du 10 septembre: pour Olivier Babeau, \u00e9conomiste, le mouvement a \u00e9t\u00e9 &quot;vid\u00e9 de son sens&quot;\" rel=\"nofollow noopener\" target=\"_blank\"><img width=\"16\" height=\"9\" class=\"lozad\"  alt=\"Blocage du 10 septembre: pour Olivier Babeau, \u00e9conomiste, le mouvement a \u00e9t\u00e9 &quot;vid\u00e9 de son sens&quot;\"\/>1:22Blocage du 10 septembre: pour Olivier Babeau, \u00e9conomiste, le mouvement a \u00e9t\u00e9 \u00ab\u00a0vid\u00e9 de son sens\u00a0\u00bb<\/a><a href=\"https:\/\/www.bfmtv.com\/politique\/video-jean-luc-melenchon-dit-vouloir-faire-naitre-la-nouvelle-france-en-marge-de-la-braderie-de-lille_VN-202509060288.html\" title=\"Jean-Luc M\u00e9lenchon dit &quot;vouloir faire na\u00eetre la nouvelle France&quot;, en marge de la braderie de Lille\" rel=\"nofollow noopener\" target=\"_blank\"><img width=\"16\" height=\"9\" class=\"lozad\"  alt=\"Jean-Luc M\u00e9lenchon dit &quot;vouloir faire na\u00eetre la nouvelle France&quot;, en marge de la braderie de Lille\"\/>1:17Jean-Luc M\u00e9lenchon dit \u00ab\u00a0vouloir faire na\u00eetre la nouvelle France\u00a0\u00bb, en marge de la braderie de Lille<\/a><a href=\"https:\/\/www.bfmtv.com\/politique\/video-nous-avons-depose-une-motion-de-destitution-a-l-encontre-d-emmanuel-macron-annonce-jean-luc-melenchon_VN-202509060287.html\" title=\"&quot;Nous avons d\u00e9pos\u00e9 une motion de destitution&quot; \u00e0 l&#039;encontre d&#039;Emmanuel Macron, annonce Jean-Luc M\u00e9lenchon\" rel=\"nofollow noopener\" target=\"_blank\"><img width=\"16\" height=\"9\" class=\"lozad\"  alt=\"&quot;Nous avons d\u00e9pos\u00e9 une motion de destitution&quot; \u00e0 l'encontre d'Emmanuel Macron, annonce Jean-Luc M\u00e9lenchon\"\/>1:15&Prime;Nous avons d\u00e9pos\u00e9 une motion de destitution\u00a0\u00bb \u00e0 l&rsquo;encontre d&rsquo;Emmanuel Macron, annonce Jean-Luc M\u00e9lenchon<\/a><a href=\"https:\/\/www.bfmtv.com\/politique\/video-10-septembre-la-colere-est-legitime-et-profonde-denonce-jean-luc-melenchon-en-reaction-a-la-mobilisation-citoyenne_VN-202509060283.html\" title=\"10 septembre: &quot;La col\u00e8re est l\u00e9gitime et profonde&quot;, d\u00e9nonce Jean-Luc M\u00e9lenchon en r\u00e9action \u00e0 la mobilisation citoyenne\" rel=\"nofollow noopener\" target=\"_blank\"><img width=\"16\" height=\"9\" class=\"lozad\"  alt=\"10 septembre: &quot;La col\u00e8re est l\u00e9gitime et profonde&quot;, d\u00e9nonce Jean-Luc M\u00e9lenchon en r\u00e9action \u00e0 la mobilisation citoyenne\"\/>1:2610 septembre: \u00ab\u00a0La col\u00e8re est l\u00e9gitime et profonde\u00a0\u00bb, d\u00e9nonce Jean-Luc M\u00e9lenchon en r\u00e9action \u00e0 la mobilisation citoyenne<\/a><a href=\"https:\/\/www.bfmtv.com\/societe\/video-premier-pelerinage-lgbtq-officiel-au-vatican-pour-l-annee-jubilaire-de-l-eglise_VN-202509060272.html\" title=\"Premier p\u00e8lerinage LGBTQ+ officiel au Vatican pour l&#039;ann\u00e9e jubilaire de l&#039;\u00c9glise\" rel=\"nofollow noopener\" target=\"_blank\"><img width=\"16\" height=\"9\" class=\"lozad\"  alt=\"Premier p\u00e8lerinage LGBTQ+ officiel au Vatican pour l'ann\u00e9e jubilaire de l'\u00c9glise\"\/>1:06Premier p\u00e8lerinage LGBTQ+ officiel au Vatican pour l&rsquo;ann\u00e9e jubilaire de l&rsquo;\u00c9glise<\/a><a href=\"https:\/\/www.bfmtv.com\/sante\/video-interdiction-des-sachets-de-nicotine-c-est-une-reelle-victoire-de-sante-publique-affirme-le-president-d-alliance-contre-le-tabac_VN-202509060264.html\" title=\"Interdiction des sachets de nicotine: &quot;C&#039;est une r\u00e9elle victoire de sant\u00e9 publique&quot;, affirme le pr\u00e9sident d&#039;Alliance contre le Tabac\" rel=\"nofollow noopener\" target=\"_blank\"><img width=\"16\" height=\"9\" class=\"lozad\"  alt=\"Interdiction des sachets de nicotine: &quot;C'est une r\u00e9elle victoire de sant\u00e9 publique&quot;, affirme le pr\u00e9sident d'Alliance contre le Tabac\"\/>2:20Interdiction des sachets de nicotine: \u00ab\u00a0C&rsquo;est une r\u00e9elle victoire de sant\u00e9 publique\u00a0\u00bb, affirme le pr\u00e9sident d&rsquo;Alliance contre le Tabac<\/a><a href=\"https:\/\/www.bfmtv.com\/societe\/video-braderie-de-lille-a-11h30-on-etait-deja-complet-les-restaurateurs-profitent-de-l-effervescence_VN-202509060236.html\" title=\"Braderie de Lille: &quot;\u00c0 11h30, on \u00e9tait d\u00e9j\u00e0 complet&quot;, les restaurateurs profitent de l&#039;effervescence\" rel=\"nofollow noopener\" target=\"_blank\"><img width=\"16\" height=\"9\" class=\"lozad\"  alt=\"Braderie de Lille: &quot;\u00c0 11h30, on \u00e9tait d\u00e9j\u00e0 complet&quot;, les restaurateurs profitent de l'effervescence\"\/>1:13Braderie de Lille: \u00ab\u00a0\u00c0 11h30, on \u00e9tait d\u00e9j\u00e0 complet\u00a0\u00bb, les restaurateurs profitent de l&rsquo;effervescence<\/a><a href=\"https:\/\/www.bfmtv.com\/societe\/video-interdiction-des-sachets-de-nicotine-ce-produit-n-a-rien-a-faire-entre-les-mains-de-jeunes-mineurs-denonce-le-responsable-de-l-apica-association-de-prevention-contre-les-drogues_VN-202509060229.html\" title=\"Interdiction des sachets de nicotine: &quot;Ce produit n&#039;a rien \u00e0 faire entre les mains de jeunes mineurs&quot;, d\u00e9nonce le responsable de l&#039;APICA, association de pr\u00e9vention contre les drogues\" rel=\"nofollow noopener\" target=\"_blank\"><img width=\"16\" height=\"9\" class=\"lozad\"  alt=\"Interdiction des sachets de nicotine: &quot;Ce produit n'a rien \u00e0 faire entre les mains de jeunes mineurs&quot;, d\u00e9nonce le responsable de l'APICA, association de pr\u00e9vention contre les drogues\"\/>1:19Interdiction des sachets de nicotine: \u00ab\u00a0Ce produit n&rsquo;a rien \u00e0 faire entre les mains de jeunes mineurs\u00a0\u00bb, d\u00e9nonce le responsable de l&rsquo;APICA, association de pr\u00e9vention contre les drogues<\/a><a href=\"https:\/\/www.bfmtv.com\/societe\/video-les-sachets-de-nicotine-prises-par-les-jeunes-interdits-en-france-a-partir-de-mars-2026_VN-202509060211.html\" title=\"Les sachets de nicotine, pris\u00e9s par les jeunes, interdits en France \u00e0 partir de mars 2026\" rel=\"nofollow noopener\" target=\"_blank\"><img width=\"16\" height=\"9\" class=\"lozad\"  alt=\"Les sachets de nicotine, pris\u00e9s par les jeunes, interdits en France \u00e0 partir de mars 2026\"\/>0:29Les sachets de nicotine, pris\u00e9s par les jeunes, interdits en France \u00e0 partir de mars 2026<\/a><a class=\"jumpToVideo\" target=\"_blank\"><img class=\"thumbnailPreview\"\/><\/a><\/p>\n","protected":false},"excerpt":{"rendered":"Blocage du 10 septembre: \u00ab\u00a0La question sociale en France, aujourd&rsquo;hui, est explosive\u00a0\u00bb, observe Henri Guaino, ancien conseiller de&hellip;\n","protected":false},"author":2,"featured_media":371338,"comment_status":"","ping_status":"","sticky":false,"template":"","format":"standard","meta":{"footnotes":""},"categories":[4],"tags":[11,1011,27,12,25],"class_list":{"0":"post-371337","1":"post","2":"type-post","3":"status-publish","4":"format-standard","5":"has-post-thumbnail","7":"category-france","8":"tag-actualites","9":"tag-fr","10":"tag-france","11":"tag-news","12":"tag-republique-francaise"},"share_on_mastodon":{"url":"https:\/\/pubeurope.com\/@fr\/115159038957330998","error":""},"_links":{"self":[{"href":"https:\/\/www.europesays.com\/fr\/wp-json\/wp\/v2\/posts\/371337","targetHints":{"allow":["GET"]}}],"collection":[{"href":"https:\/\/www.europesays.com\/fr\/wp-json\/wp\/v2\/posts"}],"about":[{"href":"https:\/\/www.europesays.com\/fr\/wp-json\/wp\/v2\/types\/post"}],"author":[{"embeddable":true,"href":"https:\/\/www.europesays.com\/fr\/wp-json\/wp\/v2\/users\/2"}],"replies":[{"embeddable":true,"href":"https:\/\/www.europesays.com\/fr\/wp-json\/wp\/v2\/comments?post=371337"}],"version-history":[{"count":0,"href":"https:\/\/www.europesays.com\/fr\/wp-json\/wp\/v2\/posts\/371337\/revisions"}],"wp:featuredmedia":[{"embeddable":true,"href":"https:\/\/www.europesays.com\/fr\/wp-json\/wp\/v2\/media\/371338"}],"wp:attachment":[{"href":"https:\/\/www.europesays.com\/fr\/wp-json\/wp\/v2\/media?parent=371337"}],"wp:term":[{"taxonomy":"category","embeddable":true,"href":"https:\/\/www.europesays.com\/fr\/wp-json\/wp\/v2\/categories?post=371337"},{"taxonomy":"post_tag","embeddable":true,"href":"https:\/\/www.europesays.com\/fr\/wp-json\/wp\/v2\/tags?post=371337"}],"curies":[{"name":"wp","href":"https:\/\/api.w.org\/{rel}","templated":true}]}}