{"id":371345,"date":"2025-09-06T19:42:10","date_gmt":"2025-09-06T19:42:10","guid":{"rendered":"https:\/\/www.europesays.com\/fr\/371345\/"},"modified":"2025-09-06T19:42:10","modified_gmt":"2025-09-06T19:42:10","slug":"ducati-remporte-le-titre-des-constructeurs-motogp-2025","status":"publish","type":"post","link":"https:\/\/www.europesays.com\/fr\/371345\/","title":{"rendered":"Ducati remporte le titre des constructeurs MotoGP 2025"},"content":{"rendered":"<p style=\"text-align: justify;\"><strong>Alors que Marc M\u00e1rquez a remport\u00e9 <a href=\"https:\/\/franceracing.fr\/moto-gp\/gp-de-catalogne-2025-sprint-marc-marquez-gagne-fabio-quartararo-sur-le-podium\/\" target=\"_blank\" rel=\"noopener\">la Sprint en Catalogne<\/a>, sur le circuit de Barcelona-Catalunya, Ducati s&rsquo;est offert le titre des constructeurs, apr\u00e8s ceux de 2020, 2021, 2022, 2023 et 2024.<\/strong><\/p>\n<p style=\"text-align: justify;\">Ducati remporte son premier titre de la saison en Catalogne. Pour la sixi\u00e8me fois cons\u00e9cutivement, la marque italienne remporte le titre des constructeurs. C&rsquo;est \u00e9galement le septi\u00e8me titre de la marque italienne en MotoGP, le premier ayant \u00e9t\u00e9 remport\u00e9 en 2007, ann\u00e9e du titre de Casey Stoner au guidon de la Desmosedici.<\/p>\n<blockquote>\n<p style=\"text-align: justify;\">\u00ab\u00a0Je suis tr\u00e8s heureux de ce sixi\u00e8me titre cons\u00e9cutif des constructeurs : ces chiffres m\u2019impressionnent de plus en plus chaque ann\u00e9e. Marc M\u00e1rquez a atteint un niveau de confiance absolument incroyable avec la moto, un niveau qui n\u2019a cess\u00e9 de cro\u00eetre apr\u00e8s chaque course. Depuis le d\u00e9but de la saison, il a r\u00e9alis\u00e9 un travail extraordinaire, avec tr\u00e8s peu d\u2019erreurs, et sa position au championnat le prouve. Un autre aspect qui fait la diff\u00e9rence est son approche : il ne prend rien pour acquis et vise toujours la performance maximale \u00e0 chaque s\u00e9ance et \u00e0 chaque course. Concernant Francesco Bagnaia, nous ferons tout notre possible pour l\u2019aider \u00e0 retrouver ses sensations sur la moto afin qu\u2019il redevienne le champion que nous connaissons. Je ne baisse pas les bras, et il en va de m\u00eame pour le pilote, l\u2019\u00e9quipe et Ducati. Nous croyons en lui et il croit en nous : c\u2019est la cl\u00e9 pour trouver la solution\u00a0\u00bb, d\u00e9clare Gigi Dall&rsquo;Igna.<\/p>\n<\/blockquote>\n<p>Une saison domin\u00e9e par Marc M\u00e1rquez et Ducati<\/p>\n<p style=\"text-align: justify;\">La saison de Ducati est quasi impeccable. En Sprint, le constructeur italien a remport\u00e9 toutes les courses jusqu&rsquo;\u00e0 celle en Catalogne. Marc M\u00e1rquez, qui a rejoint l&rsquo;\u00e9quipe d&rsquo;usine cette saison apr\u00e8s une ann\u00e9e avec Gresini, s&rsquo;est impos\u00e9 \u00e0 14 reprises, laissant une victoire \u00e0 son fr\u00e8re Alex M\u00e1rquez \u00e0 Silverstone.<\/p>\n<p style=\"text-align: justify;\">En Grand Prix, le leader du classement des pilotes a fini \u00e0 10 reprises en premi\u00e8re position, alors que Francesco Bagnaia et Alex M\u00e1rquez ont gagn\u00e9 une course chacun. Johann Zarco a offert \u00e0 Honda la victoire en France alors que Marco Bezzecchi s&rsquo;est impos\u00e9 avec Aprilia \u00e0 Silverstone.<\/p>\n","protected":false},"excerpt":{"rendered":"Alors que Marc M\u00e1rquez a remport\u00e9 la Sprint en Catalogne, sur le circuit de Barcelona-Catalunya, Ducati s&rsquo;est offert&hellip;\n","protected":false},"author":2,"featured_media":371346,"comment_status":"","ping_status":"","sticky":false,"template":"","format":"standard","meta":{"footnotes":""},"categories":[1413],"tags":[1011,27,1457,1456,60],"class_list":{"0":"post-371345","1":"post","2":"type-post","3":"status-publish","4":"format-standard","5":"has-post-thumbnail","7":"category-moto","8":"tag-fr","9":"tag-france","10":"tag-moto","11":"tag-motocycle","12":"tag-sports"},"share_on_mastodon":{"url":"https:\/\/pubeurope.com\/@fr\/115159062470963172","error":""},"_links":{"self":[{"href":"https:\/\/www.europesays.com\/fr\/wp-json\/wp\/v2\/posts\/371345","targetHints":{"allow":["GET"]}}],"collection":[{"href":"https:\/\/www.europesays.com\/fr\/wp-json\/wp\/v2\/posts"}],"about":[{"href":"https:\/\/www.europesays.com\/fr\/wp-json\/wp\/v2\/types\/post"}],"author":[{"embeddable":true,"href":"https:\/\/www.europesays.com\/fr\/wp-json\/wp\/v2\/users\/2"}],"replies":[{"embeddable":true,"href":"https:\/\/www.europesays.com\/fr\/wp-json\/wp\/v2\/comments?post=371345"}],"version-history":[{"count":0,"href":"https:\/\/www.europesays.com\/fr\/wp-json\/wp\/v2\/posts\/371345\/revisions"}],"wp:featuredmedia":[{"embeddable":true,"href":"https:\/\/www.europesays.com\/fr\/wp-json\/wp\/v2\/media\/371346"}],"wp:attachment":[{"href":"https:\/\/www.europesays.com\/fr\/wp-json\/wp\/v2\/media?parent=371345"}],"wp:term":[{"taxonomy":"category","embeddable":true,"href":"https:\/\/www.europesays.com\/fr\/wp-json\/wp\/v2\/categories?post=371345"},{"taxonomy":"post_tag","embeddable":true,"href":"https:\/\/www.europesays.com\/fr\/wp-json\/wp\/v2\/tags?post=371345"}],"curies":[{"name":"wp","href":"https:\/\/api.w.org\/{rel}","templated":true}]}}