{"id":371349,"date":"2025-09-06T19:44:21","date_gmt":"2025-09-06T19:44:21","guid":{"rendered":"https:\/\/www.europesays.com\/fr\/371349\/"},"modified":"2025-09-06T19:44:21","modified_gmt":"2025-09-06T19:44:21","slug":"sainte-sigolene-175-vetetistes-sur-les-quatre-parcours-du-rc-golenois","status":"publish","type":"post","link":"https:\/\/www.europesays.com\/fr\/371349\/","title":{"rendered":"Sainte-Sigol\u00e8ne : 175 v\u00e9t\u00e9tistes sur les quatre parcours du RC Gol\u00e9nois"},"content":{"rendered":"<p>\t\t\t\t\t\t\t\t\t\t\t\t\t\t\t\t\t\t\t\t\t\t\t\t\t\t\t\t\t\t\t\t\t\t\t\t\t\t\t\t\t\t\t\t\t\t<img decoding=\"async\" loading=\"lazy\" src=\"https:\/\/www.europesays.com\/fr\/wp-content\/uploads\/2025\/08\/carre_copy_copy.gif\" alt=\"Fraisse David carr\u00e9 2024\"\/><\/p>\n<p><strong>Samedi matin<\/strong>,\u00a0<strong>les Randonneurs Cyclotouristes Gol\u00e9nois organisaient leur randonn\u00e9e VTT au d\u00e9part de Sainte-Sigol\u00e8ne.<\/strong><\/p>\n<p>Quatre parcours \u00e9taient propos\u00e9s au d\u00e9part des salles modulables \u00e0 Sainte-Sigol\u00e8ne. Direction Les Villettes, puis Saint-Maurice-de-Lignon et m\u00eame la passerelle himalayenne pour les deux longs parcours de 43 et 47 km.<\/p>\n<p>Au total 175 v\u00e9t\u00e9tistes se sont lanc\u00e9s sur les circuits :\u00a065 sur le 47 km, 53 sur le 43 km, et 57 sur le 21 et 25 kilom\u00e8tres.<\/p>\n","protected":false},"excerpt":{"rendered":"Samedi matin,\u00a0les Randonneurs Cyclotouristes Gol\u00e9nois organisaient leur randonn\u00e9e VTT au d\u00e9part de Sainte-Sigol\u00e8ne. Quatre parcours \u00e9taient propos\u00e9s au&hellip;\n","protected":false},"author":2,"featured_media":371350,"comment_status":"","ping_status":"","sticky":false,"template":"","format":"standard","meta":{"footnotes":""},"categories":[1411],"tags":[2281,1154,207,2282,1011,27,2280,2284,2285,2283,60],"class_list":{"0":"post-371349","1":"post","2":"type-post","3":"status-publish","4":"format-standard","5":"has-post-thumbnail","7":"category-cyclisme","8":"tag-actualite-43","9":"tag-cycling","10":"tag-cyclisme","11":"tag-faits-divers-auvergne","12":"tag-fr","13":"tag-france","14":"tag-information-haute-loire","15":"tag-infos-43","16":"tag-journal-haute-loire","17":"tag-la-commere-43","18":"tag-sports"},"share_on_mastodon":{"url":"https:\/\/pubeurope.com\/@fr\/115159070453200636","error":""},"_links":{"self":[{"href":"https:\/\/www.europesays.com\/fr\/wp-json\/wp\/v2\/posts\/371349","targetHints":{"allow":["GET"]}}],"collection":[{"href":"https:\/\/www.europesays.com\/fr\/wp-json\/wp\/v2\/posts"}],"about":[{"href":"https:\/\/www.europesays.com\/fr\/wp-json\/wp\/v2\/types\/post"}],"author":[{"embeddable":true,"href":"https:\/\/www.europesays.com\/fr\/wp-json\/wp\/v2\/users\/2"}],"replies":[{"embeddable":true,"href":"https:\/\/www.europesays.com\/fr\/wp-json\/wp\/v2\/comments?post=371349"}],"version-history":[{"count":0,"href":"https:\/\/www.europesays.com\/fr\/wp-json\/wp\/v2\/posts\/371349\/revisions"}],"wp:featuredmedia":[{"embeddable":true,"href":"https:\/\/www.europesays.com\/fr\/wp-json\/wp\/v2\/media\/371350"}],"wp:attachment":[{"href":"https:\/\/www.europesays.com\/fr\/wp-json\/wp\/v2\/media?parent=371349"}],"wp:term":[{"taxonomy":"category","embeddable":true,"href":"https:\/\/www.europesays.com\/fr\/wp-json\/wp\/v2\/categories?post=371349"},{"taxonomy":"post_tag","embeddable":true,"href":"https:\/\/www.europesays.com\/fr\/wp-json\/wp\/v2\/tags?post=371349"}],"curies":[{"name":"wp","href":"https:\/\/api.w.org\/{rel}","templated":true}]}}