{"id":371351,"date":"2025-09-06T19:45:10","date_gmt":"2025-09-06T19:45:10","guid":{"rendered":"https:\/\/www.europesays.com\/fr\/371351\/"},"modified":"2025-09-06T19:45:10","modified_gmt":"2025-09-06T19:45:10","slug":"le-paris-fc-se-defait-de-dijon-en-ouverture-de-larkema-premiere-ligue-nantes-renverse-saint-etienne-lequipe","status":"publish","type":"post","link":"https:\/\/www.europesays.com\/fr\/371351\/","title":{"rendered":"Le Paris FC se d\u00e9fait de Dijon en ouverture de l&#039;Arkema Premi\u00e8re Ligue, Nantes renverse Saint-\u00c9tienne &#8211; L&#039;\u00c9quipe"},"content":{"rendered":"<ol>\n<li><a href=\"https:\/\/news.google.com\/rss\/articles\/CBMi5gFBVV95cUxNaXNERkZFcDRBdFhhY1dnU2pSdjVESTVyZkJ1ZzFka1N1V2x0TEVIVVEtNU4yTUNxbkNIQ19RMXh2YjltTmJwU1BUVXB6UHpicGJQcE1pOFUteEp0WVlBMjJpU1g0NmpnTXVfcGY4Z0pUTkt0ckdEZklKbnc2Z3YwM1dvR1lsSm95Z0tlX1ZVdHJFSmlGTGJVSV82akVXT2NNLVcwcktBNklQZ2hnNHFBRHctQ2RncXBaYkJZbE9BS1ZlZ0hycEViazlOc1Qxb1ZiWkpTRGhMbUlWRG5hVkdLckR0X2VtUQ?oc=5\" target=\"_blank\" rel=\"nofollow noopener\">Le Paris FC se d\u00e9fait de Dijon en ouverture de l&rsquo;Arkema Premi\u00e8re Ligue, Nantes renverse Saint-\u00c9tienne<\/a>&nbsp;&nbsp;L&rsquo;\u00c9quipe<\/li>\n<li><a href=\"https:\/\/news.google.com\/rss\/articles\/CBMimwFBVV95cUxObHFnNlhFNGsxdUZCUHVFak5JNUh3LTM2aWZlT0xISk9KcVRmWVMyNFlFcUxBMzBMbEVVcDRZRWFTNUE4U0hLVXktMjNiNjk4ZHN1MER6a0x2bkhnR2xNM1ZFTlZSNzB4VTFhMlFYNHREbW9lLWhRaTJIc3Q0c3N6QmJySG8tQUVqcmw5Z2dlUjVaSkN3b0dsNURfMA?oc=5\" target=\"_blank\" rel=\"nofollow noopener\">Football. Le DFCO domin\u00e9 par le Paris FC<\/a>&nbsp;&nbsp;Le Bien Public<\/li>\n<li><a href=\"https:\/\/news.google.com\/rss\/articles\/CBMikAFBVV95cUxOVGcwZ1dBMHRFVS05c1d3TnN6djF6YnVPaGFVMXpRSUpxWEN0YUQ2MElWNUZaUUQtcXJnS3ZyX0taUmEzVzZDdndFR0Ztc2dqdXRYUEdYV291Vk9zbm5FeG9DSWxXamExY2tPR3pxZ2NPTlhoZ1dvb3BtUGZ1NTJ6VVVMNjEtU1JIcEJpWU9xV2Y?oc=5\" target=\"_blank\" rel=\"nofollow noopener\">Le sport en Bourgogne : le DFCO reste dans la course \u00e0 la mont\u00e9e, reprise de l&rsquo;\u00e9quipe f\u00e9minine<\/a>&nbsp;&nbsp;francebleu.fr<\/li>\n<li><a href=\"https:\/\/news.google.com\/rss\/articles\/CBMikgFBVV95cUxQRnBQS0NwUmRWa0RydmlKc1gxSFVBSWNfeVBMX0cxMXR5ZDBOLTVZM3phZjQ1V2Z0RWtMOTkya3VWdktZRDhZdVZQWUt6THE2RUJrNFVuTU9HaUd1LUdrb2VXR2VIUTEyQkl4YXJ6M01rcjhNa291LVNMVUExVTRmNkU4ZHlPRjRtVUU2R2ZvamJvQQ?oc=5\" target=\"_blank\" rel=\"nofollow noopener\">Football &#8211; Premi\u00e8re Ligue. Sylvain Carric (DFCO) : \u00ab On part sur une nouvelle page \u00bb<\/a>&nbsp;&nbsp;Le Bien Public<\/li>\n<li><a href=\"https:\/\/news.google.com\/rss\/articles\/CBMihgFBVV95cUxNc2laNUxYcjlubEVCeU5qVHFLX1ZkQzVMZlBqaW9WRllTNzlNdmxEUzYwY21VLTUyRHpvWHVDd21GRnlzUVpuVmhCa3pNRWQyUDFkem50TEtnQ25wMmZtRXhqZ2ZQSF9vVkFQNzM1SUEzVVZudW5jT1Q3M0xVMXZLMTRpaDZHUQ?oc=5\" target=\"_blank\" rel=\"nofollow noopener\">Paris FC\/Dijon FCO (F) : Les compos officielles.<\/a>&nbsp;&nbsp;Coeurs de foot<\/li>\n<\/ol>\n","protected":false},"excerpt":{"rendered":"Le Paris FC se d\u00e9fait de Dijon en ouverture de l&rsquo;Arkema Premi\u00e8re Ligue, Nantes renverse Saint-\u00c9tienne&nbsp;&nbsp;L&rsquo;\u00c9quipe Football. Le&hellip;\n","protected":false},"author":2,"featured_media":371352,"comment_status":"","ping_status":"","sticky":false,"template":"","format":"standard","meta":{"footnotes":""},"categories":[1410],"tags":[63,1011,27,60],"class_list":{"0":"post-371351","1":"post","2":"type-post","3":"status-publish","4":"format-standard","5":"has-post-thumbnail","7":"category-football","8":"tag-football","9":"tag-fr","10":"tag-france","11":"tag-sports"},"share_on_mastodon":{"url":"https:\/\/pubeurope.com\/@fr\/115159074324015928","error":""},"_links":{"self":[{"href":"https:\/\/www.europesays.com\/fr\/wp-json\/wp\/v2\/posts\/371351","targetHints":{"allow":["GET"]}}],"collection":[{"href":"https:\/\/www.europesays.com\/fr\/wp-json\/wp\/v2\/posts"}],"about":[{"href":"https:\/\/www.europesays.com\/fr\/wp-json\/wp\/v2\/types\/post"}],"author":[{"embeddable":true,"href":"https:\/\/www.europesays.com\/fr\/wp-json\/wp\/v2\/users\/2"}],"replies":[{"embeddable":true,"href":"https:\/\/www.europesays.com\/fr\/wp-json\/wp\/v2\/comments?post=371351"}],"version-history":[{"count":0,"href":"https:\/\/www.europesays.com\/fr\/wp-json\/wp\/v2\/posts\/371351\/revisions"}],"wp:featuredmedia":[{"embeddable":true,"href":"https:\/\/www.europesays.com\/fr\/wp-json\/wp\/v2\/media\/371352"}],"wp:attachment":[{"href":"https:\/\/www.europesays.com\/fr\/wp-json\/wp\/v2\/media?parent=371351"}],"wp:term":[{"taxonomy":"category","embeddable":true,"href":"https:\/\/www.europesays.com\/fr\/wp-json\/wp\/v2\/categories?post=371351"},{"taxonomy":"post_tag","embeddable":true,"href":"https:\/\/www.europesays.com\/fr\/wp-json\/wp\/v2\/tags?post=371351"}],"curies":[{"name":"wp","href":"https:\/\/api.w.org\/{rel}","templated":true}]}}