{"id":371355,"date":"2025-09-06T19:48:17","date_gmt":"2025-09-06T19:48:17","guid":{"rendered":"https:\/\/www.europesays.com\/fr\/371355\/"},"modified":"2025-09-06T19:48:17","modified_gmt":"2025-09-06T19:48:17","slug":"luc-la-primaube-un-apero-litteraire-autour-des-livres","status":"publish","type":"post","link":"https:\/\/www.europesays.com\/fr\/371355\/","title":{"rendered":"Luc-la-Primaube. Un ap\u00e9ro litt\u00e9raire \u00ab\u00a0autour des livres\u00a0\u00bb"},"content":{"rendered":"<p>L\u2019\u00e9quipe de la m\u00e9diath\u00e8que municipale de Luc-la-Primaube a propos\u00e9 un ap\u00e9ritif litt\u00e9raire et partag\u00e9 vendredi dernier avec au menu, lecture \u00e0 voix haute et conseils de lecture autour d\u2019un grignotage apport\u00e9 par chaque participant.<\/p>\n<p>Plusieurs extraits de romans et d\u2019albums ont \u00e9t\u00e9 lus \u00e0 voix haute par Anna et \u00c9milie, les biblioth\u00e9caires, ainsi que par certains lectrices et lecteurs pr\u00e9sents : Encaban\u00e9e de Gabrielle Filteau-Chiba, Tout le monde aime Clara de David Foenkinos,<\/p>\n<p>La tr\u00e8s catastrophique visite du zoo de Jo\u00ebl Dicker, Toutes les cr\u00e9atures de Sarah Louise Butler, La Joie de Fran\u00e7ois Cheng, La passion Lippi de Sophie Chauveau, Les Yeux de Mona de Thomas Schloesser, Le Secret d\u2019Ad\u00e8le de Val\u00e9rie Trierweiler, Pinocchio, Mamie r\u00eave de G\u00e9rald Guerlais, Il \u00e9tait une fois mon meurtre d\u2019\u00c9mily Koch, Survie en t\u00e9l\u00e9vente de Marc-Adrien Ni\u00e8ves, Les Bouch\u00e8res de Sophie Demange, Le r\u00eave du jaguar de Miguel Bonnefoy, Quelle joie ! d\u2019Iris Brey, Rousse ou les beaux habitants de l\u2019Univers de Denis Infante\u2026<\/p>\n<p>Retrouvez la s\u00e9lection sur le site internet de la m\u00e9diath\u00e8que <a href=\"https:\/\/mediatheque.luc-la-primaube.fr\/\" target=\"_blank\" rel=\"nofollow noopener\">mediatheque.luc-la-primaube.fr\/<\/a><\/p>\n<p>(onglet nos s\u00e9lections).<\/p>\n<p>Prochain petit-d\u00e9j litt\u00e9raire le 27 septembre \u00e0 10 h 30.<\/p>\n<p>Prochain \u00e9v\u00e9nement : projection de courts-m\u00e9trages (3-6 ans) le mardi 30 septembre \u00e0 18 h 30.<\/p>\n<p>R\u00e9servation au 05 65 71 99 67<\/p>\n","protected":false},"excerpt":{"rendered":"L\u2019\u00e9quipe de la m\u00e9diath\u00e8que municipale de Luc-la-Primaube a propos\u00e9 un ap\u00e9ritif litt\u00e9raire et partag\u00e9 vendredi dernier avec au&hellip;\n","protected":false},"author":2,"featured_media":371356,"comment_status":"","ping_status":"","sticky":false,"template":"","format":"standard","meta":{"footnotes":""},"categories":[1357],"tags":[1379,58,59,1011,27,1380],"class_list":{"0":"post-371355","1":"post","2":"type-post","3":"status-publish","4":"format-standard","5":"has-post-thumbnail","7":"category-livres","8":"tag-books","9":"tag-divertissement","10":"tag-entertainment","11":"tag-fr","12":"tag-france","13":"tag-livres"},"share_on_mastodon":{"url":"https:\/\/pubeurope.com\/@fr\/115159086118467597","error":""},"_links":{"self":[{"href":"https:\/\/www.europesays.com\/fr\/wp-json\/wp\/v2\/posts\/371355","targetHints":{"allow":["GET"]}}],"collection":[{"href":"https:\/\/www.europesays.com\/fr\/wp-json\/wp\/v2\/posts"}],"about":[{"href":"https:\/\/www.europesays.com\/fr\/wp-json\/wp\/v2\/types\/post"}],"author":[{"embeddable":true,"href":"https:\/\/www.europesays.com\/fr\/wp-json\/wp\/v2\/users\/2"}],"replies":[{"embeddable":true,"href":"https:\/\/www.europesays.com\/fr\/wp-json\/wp\/v2\/comments?post=371355"}],"version-history":[{"count":0,"href":"https:\/\/www.europesays.com\/fr\/wp-json\/wp\/v2\/posts\/371355\/revisions"}],"wp:featuredmedia":[{"embeddable":true,"href":"https:\/\/www.europesays.com\/fr\/wp-json\/wp\/v2\/media\/371356"}],"wp:attachment":[{"href":"https:\/\/www.europesays.com\/fr\/wp-json\/wp\/v2\/media?parent=371355"}],"wp:term":[{"taxonomy":"category","embeddable":true,"href":"https:\/\/www.europesays.com\/fr\/wp-json\/wp\/v2\/categories?post=371355"},{"taxonomy":"post_tag","embeddable":true,"href":"https:\/\/www.europesays.com\/fr\/wp-json\/wp\/v2\/tags?post=371355"}],"curies":[{"name":"wp","href":"https:\/\/api.w.org\/{rel}","templated":true}]}}